{"id":4441,"date":"2021-04-29T12:04:15","date_gmt":"2021-04-29T12:04:15","guid":{"rendered":"https:\/\/resetari.hr\/v2\/2021\/04\/29\/monografija-branitelja-opcine-resetari\/"},"modified":"2021-04-29T12:04:15","modified_gmt":"2021-04-29T12:04:15","slug":"monografija-branitelja-opcine-resetari","status":"publish","type":"post","link":"https:\/\/resetari.hr\/v2\/monografija-branitelja-opcine-resetari\/","title":{"rendered":"MONOGRAFIJA BRANITELJA OP\u0106INE RE\u0160ETARI"},"content":{"rendered":"<p style=\"text-align: justify;\"><img fetchpriority=\"high\" decoding=\"async\" class=\" alignleft size-full wp-image-4440\" style=\"margin: 5px; float: left;\" src=\"https:\/\/resetari.hr\/v2\/wp-content\/uploads\/2021\/04\/hr-branitelj.jpg\" alt=\"hr branitelj\" width=\"400\" height=\"273\" srcset=\"https:\/\/resetari.hr\/v2\/wp-content\/uploads\/2021\/04\/hr-branitelj.jpg 1200w, https:\/\/resetari.hr\/v2\/wp-content\/uploads\/2021\/04\/hr-branitelj-300x205.jpg 300w, https:\/\/resetari.hr\/v2\/wp-content\/uploads\/2021\/04\/hr-branitelj-1024x700.jpg 1024w, https:\/\/resetari.hr\/v2\/wp-content\/uploads\/2021\/04\/hr-branitelj-768x525.jpg 768w\" sizes=\"(max-width: 400px) 100vw, 400px\" \/>Op\u0107ina Re\u0161etari ve\u0107 nekoliko mjeseci priprema i analizira sva zbivanja od 1991. do 1995. godine u Domovinskom ratu te priprema izdavanje knjige \u201eBILI SMO VOJNICI\u201c, knjige branitelja Domovinskog rata Op\u0107ine Re\u0161etari.<\/p>\n<p>U ovoj knjizi ne\u0107e biti sukcesivna mi\u0161ljenja ve\u0107 istina tko smo i \u0161to bili.<\/p>\n<p>Borili smo se za domovinu, a ne da ju plja\u010dkamo i otu\u0111ujemo i zato se mi i zovemo domoljubi, a ne oni koji od nas \u017eele stvoriti domoljube sa slikom da budemo tijelo politi\u010dkih stranaka.<\/p>\n<p>Sa velikim po\u0161tovanjem za doprinos hrvatskih branitelja op\u0107ine Re\u0161etari, na\u0161a je du\u017enost da u miru izgradimo tolerantno dru\u0161tvo u kojem su svi ravnopravni gra\u0111ani zajedni\u010dke nam Hrvatske domovine.<\/p>\n<p>Na\u0161a je du\u017enost da danas Hrvatsku izgra\u0111ujemo kao domovinu svih njenih gra\u0111ana, okrenutu budu\u0107nosti. <\/p>\n<p>Ova knjiga \u0107e biti posebna, a dokazat \u0107e istinu tko i \u0161to smo bili i \u0161to smo htjeli.<\/p>\n","protected":false},"excerpt":{"rendered":"<p>Op\u0107ina Re\u0161etari ve\u0107 nekoliko mjeseci priprema i analizira sva zbivanja od 1991. do 1995. godine u Domovinskom ratu te priprema izdavanje knjige \u201eBILI SMO VOJNICI\u201c, knjige branitelja Domovinskog rata Op\u0107ine Re\u0161etari. U ovoj knjizi ne\u0107e biti sukcesivna mi\u0161ljenja ve\u0107 istina tko smo i \u0161to bili. Borili smo se za domovinu, a ne da ju plja\u010dkamo [&hellip;]<\/p>\n","protected":false},"author":1,"featured_media":4440,"comment_status":"open","ping_status":"open","sticky":false,"template":"","format":"standard","meta":{"footnotes":""},"categories":[2],"tags":[],"class_list":["post-4441","post","type-post","status-publish","format-standard","has-post-thumbnail","hentry","category-uncategorised"],"_links":{"self":[{"href":"https:\/\/resetari.hr\/v2\/wp-json\/wp\/v2\/posts\/4441","targetHints":{"allow":["GET"]}}],"collection":[{"href":"https:\/\/resetari.hr\/v2\/wp-json\/wp\/v2\/posts"}],"about":[{"href":"https:\/\/resetari.hr\/v2\/wp-json\/wp\/v2\/types\/post"}],"author":[{"embeddable":true,"href":"https:\/\/resetari.hr\/v2\/wp-json\/wp\/v2\/users\/1"}],"replies":[{"embeddable":true,"href":"https:\/\/resetari.hr\/v2\/wp-json\/wp\/v2\/comments?post=4441"}],"version-history":[{"count":0,"href":"https:\/\/resetari.hr\/v2\/wp-json\/wp\/v2\/posts\/4441\/revisions"}],"wp:featuredmedia":[{"embeddable":true,"href":"https:\/\/resetari.hr\/v2\/wp-json\/wp\/v2\/media\/4440"}],"wp:attachment":[{"href":"https:\/\/resetari.hr\/v2\/wp-json\/wp\/v2\/media?parent=4441"}],"wp:term":[{"taxonomy":"category","embeddable":true,"href":"https:\/\/resetari.hr\/v2\/wp-json\/wp\/v2\/categories?post=4441"},{"taxonomy":"post_tag","embeddable":true,"href":"https:\/\/resetari.hr\/v2\/wp-json\/wp\/v2\/tags?post=4441"}],"curies":[{"name":"wp","href":"https:\/\/api.w.org\/{rel}","templated":true}]}}