{"id":3999,"date":"2020-05-13T12:41:15","date_gmt":"2020-05-13T12:41:15","guid":{"rendered":"https:\/\/resetari.hr\/v2\/2020\/05\/13\/opcina-resetari-prva-na-nasem-podrucju-dobila-najmodernije-reciklazno-dvoriste-vrijedno-preko-pet-milijuna-kuna\/"},"modified":"2020-05-13T12:41:15","modified_gmt":"2020-05-13T12:41:15","slug":"opcina-resetari-prva-na-nasem-podrucju-dobila-najmodernije-reciklazno-dvoriste-vrijedno-preko-pet-milijuna-kuna","status":"publish","type":"post","link":"https:\/\/resetari.hr\/v2\/opcina-resetari-prva-na-nasem-podrucju-dobila-najmodernije-reciklazno-dvoriste-vrijedno-preko-pet-milijuna-kuna\/","title":{"rendered":"Op\u0107ina Re\u0161etari prva na na\u0161em podru\u010dju dobila najmodernije recikla\u017eno dvori\u0161te vrijedno preko pet milijuna kuna!"},"content":{"rendered":"<p style=\"text-align: justify;\"><img fetchpriority=\"high\" decoding=\"async\" class=\" alignleft size-full wp-image-3998\" style=\"margin: 5px; float: left;\" src=\"https:\/\/resetari.hr\/v2\/wp-content\/uploads\/2020\/05\/rec-naslovna.JPG\" alt=\"rec-naslovna\" width=\"400\" height=\"232\" srcset=\"https:\/\/resetari.hr\/v2\/wp-content\/uploads\/2020\/05\/rec-naslovna.JPG 800w, https:\/\/resetari.hr\/v2\/wp-content\/uploads\/2020\/05\/rec-naslovna-300x174.jpg 300w, https:\/\/resetari.hr\/v2\/wp-content\/uploads\/2020\/05\/rec-naslovna-768x445.jpg 768w\" sizes=\"(max-width: 400px) 100vw, 400px\" \/>Na lokaciji novog recikla\u017enog dvori\u0161ta u Re\u0161etarima danas je uprili\u010dena zavr\u0161na konferencija projekta \u201eIzgradnja i opremanje recikla\u017enog dvori\u0161ta na podru\u010dju Op\u0107ine Re\u0161etari&#8221;.<\/p>\n<p style=\"text-align: justify;\"><strong>Projekt je sufinancirala Europska unija iz Kohezijskog fonda putem Ministarstva za\u0161tite okoli\u0161a i energetike.<\/strong><\/p>\n<p style=\"text-align: justify;\"><strong>Ukupna vrijednost projekta iznosi 5.174.904,38 kuna, a EU sufinanciranje projekta iznosi 4.111.669,93 kn.<\/strong><\/p>\n<p style=\"text-align: justify;\">Korisnik projekta je Op\u0107ina Re\u0161etari, a razdoblje provedbe projekta je od 19. o\u017eujka 2019. do 19. o\u017eujka 2020. godine. Izvo\u0111a\u010d radova bio je \u201ePromet gra\u0111enje&#8221; d.o.o. Po\u017eega, nadzor radova \u201eIngri&#8221; d.o.o., Ru\u0161\u010dica, dok je za vidljivost bila zadu\u017eena tvrtka Sintagma.<\/p>\n<p style=\"text-align: justify;\">\u2013 Izgradnja recikla\u017enog dvori\u0161ta na podru\u010dju Op\u0107ine Re\u0161etari doprinosi pove\u0107anju stope odvojeno skupljenog komunalnog otpada i smanjenju koli\u010dine otpada koji se odla\u017ee na odlagali\u0161te, te doprinosi smanjenju koli\u010dina CO2 i \u010duvanju prirodnih resursa zbog mogu\u0107nosti recikliranja. Kroz edukaciju stanovni\u0161tva osigurava se prevencija nastanka otpada, pravilno odvajanje otpada koje se mo\u017ee reciklirati i ponovna uporaba korisnih sirovina iz otpada.<\/p>\n<p style=\"text-align: justify;\">Cjelokupno stanovni\u0161tvo koje gravitira prema Op\u0107ini Re\u0161etari, imat \u0107e direktnu korist od izgradnje i opremanja recikla\u017enog dvori\u0161ta jer je isto osnovni preduvjet za pobolj\u0161anje sustava odvojenog prikupljanja otpada &#8220;od vrata do vrata&#8221;, \u0161to \u0107e u kona\u010dnici dovesti do toga da ku\u0107anstva imaju manje mjese\u010dne ra\u010dune za odvoz otpada. Stanovni\u0161tvo \u0107e imati korist od projekta i na na\u010din da \u0107e imati ure\u0111eno mjesto na kojem \u0107e mo\u0107i odlo\u017eiti problemati\u010dni otpad umjesto da ga odbacuje s komunalnim otpadom ili u prirodu. Pokretanjem recikla\u017enog dvori\u0161ta otvorit \u0107e se jedno novo radno mjesto za osobu iz evidencije nezaposlenih Hrvatskog zavoda za zapo\u0161ljavanje.<\/p>\n<p style=\"text-align: justify;\">Smatram da smo izgradnjom ovog recikla\u017enog dvori\u0161ta ne samo zadovoljili zakonske obveze, na nama je sada veliki posao da upoznamo gra\u0111ane s mogu\u0107nostima i prednostima recikla\u017enog dvori\u0161ta. Nadam se da \u0107e se ovime lo\u0161e navike odbacivanja otpada u prirodu sada odbaciti jer \u0107emo sada na adekvatan na\u010din komunalni otpad mo\u0107i zbrinjavati. Ovo je samo jedan u nizu projekata koji se realiziraju na podru\u010dju na\u0161e op\u0107ine. Mi smo po zavr\u0161etku sanacije deponije komunalnog otpada i u koju smo ulo\u017eili 22 milijuna kuna, ovime stvorili neke preduvjete za dalje kako bi omogu\u0107ili o\u010duvanje okoli\u0161a i zdrav \u017eivot budu\u0107im generacijama. Plan nam je napraviti i recikla\u017eno dvori\u0161te za gra\u0111evni materijal. Tu \u0107e, tako\u0111er, odre\u0111eni broj ljudi biti zaposlen. U posljednje vrijeme \u010desto se postavlja pitanje potrebe postojanja jedinica lokalne uprave i samouprave, mislim da je iz prilo\u017eenog itekako vidljivo da mi brinemo o \u017eiteljima svoje op\u0107ine i nastojimo realizirati projekte koji \u0107e i\u0107i na dobrobit svih nas \u2013 <strong>istaknuo je na\u010delnik Zlatko Aga<\/strong>.<\/p>\n<p><!--more--><\/p>\n<p style=\"text-align: justify;\">&nbsp;<\/p>\n<p style=\"text-align: justify;\">\u2013 Zahvaljujem se svima koji su dali svoj doprinos da bi ovaj projekt ugledao \u201esvjetlo dana&#8221;. Za\u010detnik svih projekata u na\u0161oj op\u0107ini je na\u010delnik Zlatko Aga koji, zaista konstruktivno radi i sura\u0111uje s \u010dlanovima Op\u0107inskog vije\u0107a i svih \u017eitelja na\u0161e op\u0107ine. Svi projekti koji su realizirani i koji se planiraju se u na\u0161oj op\u0107ini usmjereni su, prije svega, prema dobrobiti svih na\u0161ih \u017eitelja, stoga mogu re\u0107i da sam ponosna na sve aktivnosti koje se realiziraju, pa tako i na ovaj projekt koji \u0107e svima nama omogu\u0107iti da imamo \u010disti i zdraviji okoli\u0161 \u2013 <strong>rekla je Milka Perkovi\u0107, predsjednica Op\u0107inskog vije\u0107a Op\u0107ine Re\u0161etari<\/strong>.<\/p>\n<p style=\"text-align: justify;\">\u2013 Sam proces izgradnje recikla\u017enog dvori\u0161ta je jedna od obveza lokalnih samouprava kako bi se osiguralo adekvatno zbrinjavanje otpada. Ne moram posebno nagla\u0161avati da je Op\u0107ina Re\u0161etari prva u na\u0161em okru\u017eenju koja je to i ostvarila i na tome im \u010destitamo. Projekt je financiran sredstvima Europske unije i svijetli primjer kako treba brinuti o okoli\u0161u i zdravlju ljudi \u2013 <strong>istaknula je Senka Vrani\u0107, direktorica tvrtke \u201eSintagma&#8221;<\/strong> zadu\u017eene za vidljivost projekta. Izvor: <a href=\"http:\/\/www.radiong.hr\" target=\"_blank\" rel=\"noopener\">www.radiong.hr<\/a> \/ Autor: Sanja Bukvi\u0107<\/p>\n<p style=\"text-align: justify;\">&nbsp;{gallery}fotografije\/reciklazno-zavrsna-konferencija{\/gallery}<\/p>\n","protected":false},"excerpt":{"rendered":"<p>Na lokaciji novog recikla\u017enog dvori\u0161ta u Re\u0161etarima danas je uprili\u010dena zavr\u0161na konferencija projekta \u201eIzgradnja i opremanje recikla\u017enog dvori\u0161ta na podru\u010dju Op\u0107ine Re\u0161etari&#8221;. Projekt je sufinancirala Europska unija iz Kohezijskog fonda putem Ministarstva za\u0161tite okoli\u0161a i energetike. Ukupna vrijednost projekta iznosi 5.174.904,38 kuna, a EU sufinanciranje projekta iznosi 4.111.669,93 kn. Korisnik projekta je Op\u0107ina Re\u0161etari, a [&hellip;]<\/p>\n","protected":false},"author":1,"featured_media":3998,"comment_status":"open","ping_status":"open","sticky":false,"template":"","format":"standard","meta":{"footnotes":""},"categories":[2],"tags":[],"class_list":["post-3999","post","type-post","status-publish","format-standard","has-post-thumbnail","hentry","category-uncategorised"],"_links":{"self":[{"href":"https:\/\/resetari.hr\/v2\/wp-json\/wp\/v2\/posts\/3999","targetHints":{"allow":["GET"]}}],"collection":[{"href":"https:\/\/resetari.hr\/v2\/wp-json\/wp\/v2\/posts"}],"about":[{"href":"https:\/\/resetari.hr\/v2\/wp-json\/wp\/v2\/types\/post"}],"author":[{"embeddable":true,"href":"https:\/\/resetari.hr\/v2\/wp-json\/wp\/v2\/users\/1"}],"replies":[{"embeddable":true,"href":"https:\/\/resetari.hr\/v2\/wp-json\/wp\/v2\/comments?post=3999"}],"version-history":[{"count":0,"href":"https:\/\/resetari.hr\/v2\/wp-json\/wp\/v2\/posts\/3999\/revisions"}],"wp:featuredmedia":[{"embeddable":true,"href":"https:\/\/resetari.hr\/v2\/wp-json\/wp\/v2\/media\/3998"}],"wp:attachment":[{"href":"https:\/\/resetari.hr\/v2\/wp-json\/wp\/v2\/media?parent=3999"}],"wp:term":[{"taxonomy":"category","embeddable":true,"href":"https:\/\/resetari.hr\/v2\/wp-json\/wp\/v2\/categories?post=3999"},{"taxonomy":"post_tag","embeddable":true,"href":"https:\/\/resetari.hr\/v2\/wp-json\/wp\/v2\/tags?post=3999"}],"curies":[{"name":"wp","href":"https:\/\/api.w.org\/{rel}","templated":true}]}}