{"id":3991,"date":"2020-05-07T12:47:46","date_gmt":"2020-05-07T12:47:46","guid":{"rendered":"https:\/\/resetari.hr\/v2\/2020\/05\/07\/upute-roditeljima-malisana-djecjeg-vrtica-carobni-svijet-u-resetarima\/"},"modified":"2020-05-07T12:47:46","modified_gmt":"2020-05-07T12:47:46","slug":"upute-roditeljima-malisana-djecjeg-vrtica-carobni-svijet-u-resetarima","status":"publish","type":"post","link":"https:\/\/resetari.hr\/v2\/upute-roditeljima-malisana-djecjeg-vrtica-carobni-svijet-u-resetarima\/","title":{"rendered":"Upute roditeljima mali\u0161ana Dje\u010djeg vrti\u0107a \u010carobni svijet u Re\u0161etarima"},"content":{"rendered":"<p style=\"margin-bottom: 11.05pt; line-height: 15pt; text-align: justify;\" align=\"center\"><strong><span style=\"font-size: 14pt; font-family: 'Lucida Sans Unicode', sans-serif; color: black;\"><img fetchpriority=\"high\" decoding=\"async\" class=\" alignleft size-full wp-image-3922\" style=\"margin: 5px; float: left;\" src=\"https:\/\/resetari.hr\/v2\/wp-content\/uploads\/2020\/03\/vrtic-korona.jpg\" alt=\"vrtic-korona\" width=\"400\" height=\"226\" srcset=\"https:\/\/resetari.hr\/v2\/wp-content\/uploads\/2020\/03\/vrtic-korona.jpg 640w, https:\/\/resetari.hr\/v2\/wp-content\/uploads\/2020\/03\/vrtic-korona-300x169.jpg 300w\" sizes=\"(max-width: 400px) 100vw, 400px\" \/><\/span><span style=\"font-family: 'Lucida Sans Unicode', sans-serif; color: black; font-size: 10pt;\">UO\u010cI PONOVNOG OTVARANJA DJE\u010cJEG VRTI\u0106A<\/span><\/strong><\/p>\n<p style=\"margin-bottom: 11.05pt; line-height: 15pt; text-align: justify;\" align=\"center\"><span style=\"font-size: 10pt;\"><strong><span style=\"font-family: 'Lucida Sans Unicode', sans-serif; color: black;\">Upute roditeljima mali\u0161ana Dje\u010djeg vrti\u0107a \u010carobni svijet u Re\u0161etarima<\/span><\/strong><\/span><\/p>\n<p style=\"margin: 12pt 0cm; line-height: 17.15pt; text-align: justify;\"><span style=\"font-size: 10.5pt; font-family: 'Lucida Sans Unicode', sans-serif; color: black;\">Dje\u010dji vrti\u0107 \u010carobni svijet u Re\u0161etarima izradio je popis uputa namijenjenih roditeljima mali\u0161ana koji poha\u0111aju vrti\u0107 u Re\u0161etarima.<\/span><\/p>\n<p style=\"margin: 12pt 0cm; line-height: 17.15pt; text-align: justify;\"><span style=\"font-size: 10.5pt; font-family: 'Lucida Sans Unicode', sans-serif; color: black;\">Iz Vrti\u0107a poru\u010duju da sve navedene postupke i upute temelje na preporukama Nacionalnog sto\u017eera civilne za\u0161tite, Ministarstva znanosti i obrazovanje i Hrvatskog zavoda za javno zdravstvo. U postupku je prikupljanje podataka za zbrinjavanje djece onih roditelja koji vi\u0161e ne mogu osigurati njihov boravak kod ku\u0107e. <\/span><\/p>\n<p style=\"margin: 12pt 0cm; line-height: 17.15pt; text-align: justify;\"><span style=\"font-size: 10.5pt; font-family: 'Lucida Sans Unicode', sans-serif; color: black;\">Ove podatke vrti\u0107 prikuplja kako bi dobio to\u010dnu informaciju o broju djece koja se vra\u0107aju u ustanovu, kako bi mogao formirati odgojne skupine (9-tero djece u skupini + 1 odgojitelj) i organizirati rad odgojno-obrazovnih djelatnika.<\/span><\/p>\n<p style=\"margin: 12pt 0cm; line-height: 17.15pt; text-align: justify;\"><span style=\"font-size: 10.5pt; font-family: 'Lucida Sans Unicode', sans-serif; color: black;\">Pozivamo sve roditelje mali\u0161ana \u2013 polaznika vrti\u0107a da pa\u017eljivo pro\u010ditaju ovaj tekst. Pritom je potrebno imati na umu da boravak u vrti\u0107ima potencijalno mo\u017ee predstavljati ve\u0107i rizik za zarazu djece virusom COVID-19 negoli je to obiteljski dom i zato je vrlo va\u017eno da roditelji budu upoznati sa&nbsp; svim postupcima i preporukama. &nbsp;<\/span><\/p>\n<p style=\"margin: 12pt 0cm; line-height: 17.15pt; text-align: justify;\"><strong><span style=\"font-size: 10.5pt; font-family: 'Lucida Sans Unicode', sans-serif; color: black;\">Temeljne odrednice:<\/span><\/strong><\/p>\n<p style=\"margin: 12pt 0cm; line-height: 17.15pt; text-align: justify;\">&nbsp;<\/p>\n<p><!--more--><\/p>\n<p style=\"margin: 12pt 0cm; line-height: 17.15pt; text-align: justify;\">&nbsp;<\/p>\n<p style=\"margin: 12pt 0cm; line-height: 17.15pt; text-align: justify;\"><span style=\"font-size: 10.5pt; font-family: 'Lucida Sans Unicode', sans-serif; color: black;\">&#8212;&#8212;&#8212;&#8212;&#8212;&#8212;&#8212;&#8212;&#8211;<\/span><\/p>\n<p style=\"margin: 12pt 0cm; line-height: 17.15pt; text-align: justify;\"><strong><span style=\"font-size: 10.5pt; font-family: 'Lucida Sans Unicode', sans-serif; color: black;\">DJECA S KRONI\u010cNIM BOLESTIMA ILI U DODIRU S KRONI\u010cNIM BOLESNICIMA<\/span><\/strong><\/p>\n<p style=\"margin: 12pt 0cm; line-height: 17.15pt; text-align: justify;\"><span style=\"font-size: 10.5pt; font-family: 'Lucida Sans Unicode', sans-serif; color: black;\">Preporu\u010da se&nbsp;<strong>OSTANAK KOD KU\u0106E<\/strong>&nbsp;djece s kroni\u010dnim bolestima (respiratornim, kardiovaskularnim, dijabetesom, malignim bolestima, imunodeficijencijama, djeca s ve\u0107im tjelesnim\/motori\u010dkim o\u0161te\u0107enjima) kao i djece \u010diji roditelji\/skrbnici ili uku\u0107ani imaju jednu od navedenih bolesti.<\/span><\/p>\n<p style=\"margin: 12pt 0cm; line-height: 17.15pt; text-align: justify;\"><strong><span style=\"font-size: 10.5pt; font-family: 'Lucida Sans Unicode', sans-serif; color: black;\">FIZI\u010cKO UDALJAVANJE OD 2 METRA:<\/span><\/strong><\/p>\n<p style=\"margin: 12pt 0cm; line-height: 17.15pt; text-align: justify;\"><span style=\"font-size: 10.5pt; font-family: 'Lucida Sans Unicode', sans-serif; color: black;\">Rad ustanove neophodno je organizirati na na\u010din da se u \u0161to ve\u0107oj mjeri osigura socijalno distanciranje (fizi\u010dki razmak) kao i poja\u010dana osobna higijena i higijena prostora. Fizi\u010dki razmak od najmanje 2 metra u zatvorenom prostoru posebno provode djelatnici te se navedeni fizi\u010dki razmak preporu\u010da odr\u017eavati kad je god mogu\u0107e izme\u0111u djelatnika i djece, s iznimkom njege djeteta koja se provodi u \u0161to kra\u0107em vremenu.<\/span><\/p>\n<p style=\"margin: 12pt 0cm; line-height: 17.15pt; text-align: justify;\"><span style=\"font-size: 10.5pt; font-family: 'Lucida Sans Unicode', sans-serif; color: black;\">U istom zajedni\u010dkom prostoru (npr. soba dnevnog boravka djece) djelatnici odr\u017eavaju fizi\u010dki razmak od 2 metra. U istom prostoru u isto vrijeme smiju boraviti isklju\u010divo djeca i odgojitelj iz iste odgojno-obrazovne grupe.<\/span><\/p>\n<p style=\"margin: 12pt 0cm; line-height: 17.15pt; text-align: justify;\"><span style=\"font-size: 10.5pt; font-family: 'Lucida Sans Unicode', sans-serif; color: black;\">Fizi\u010dki razmak kao i poja\u010danu osobnu higijenu djece neophodno je poticati, ali treba o\u010dekivati da \u0107e kod provedbe neminovno dolaziti do odre\u0111enih odstupanja uslijed razvojnih zna\u010dajki pojedine dobi djeteta.<\/span><\/p>\n<p style=\"margin: 12pt 0cm; line-height: 17.15pt; text-align: justify;\"><strong><span style=\"font-size: 10.5pt; font-family: 'Lucida Sans Unicode', sans-serif; color: black;\">ORGANIZACIJA RADA S DJECOM:<\/span><\/strong><\/p>\n<p style=\"margin: 12pt 0cm; line-height: 17.15pt; text-align: justify;\"><span style=\"font-size: 10.5pt; font-family: 'Lucida Sans Unicode', sans-serif; color: black;\">Boravak u vrti\u0107u organizirat \u0107e se na sljede\u0107i na\u010din:<\/span><\/p>\n<ul style=\"text-align: justify;\">\n<li><\/li>\n<li><span style=\"font-size: 10.5pt; font-family: 'Lucida Sans Unicode', sans-serif; color: black;\">nakon formiranja skupine djece, 14 dana od po\u010detka primjene ovih uputa, uklju\u010duju\u0107i neradne dane, ne primaju se nova djeca u skupine<\/span><\/li>\n<li><span style=\"font-size: 10.5pt; font-family: 'Lucida Sans Unicode', sans-serif; color: black;\">izbjegavat \u0107e se fizi\u010dki kontakt (bliski kontakt) djece iz jedne odgojno-obrazovne skupine s drugom djecom<\/span><\/li>\n<li><span style=\"font-size: 10.5pt; font-family: 'Lucida Sans Unicode', sans-serif; color: black;\">svaka odgojno-obrazovna skupina boravi u jednoj odgovaraju\u0107oj prostoriji<\/span><\/li>\n<li><span style=\"font-size: 10.5pt; font-family: 'Lucida Sans Unicode', sans-serif; color: black;\">prostorija mora biti ve\u0107e povr\u0161ine i visine, prozra\u010dna i osun\u010dana<\/span><\/li>\n<li><span style=\"font-size: 10.5pt; font-family: 'Lucida Sans Unicode', sans-serif; color: black;\">prostorija je vratima odvojena od prostorija u kojima borave druge skupine<\/span><\/li>\n<li><span style=\"font-size: 10.5pt; font-family: 'Lucida Sans Unicode', sans-serif; color: black;\">prostorija se mora provjetravati vanjskim zrakom<\/span><\/li>\n<li><span style=\"font-size: 10.5pt; font-family: 'Lucida Sans Unicode', sans-serif; color: black;\">u neposrednoj blizini prostorije mora se nalaziti toalet koji koristi isklju\u010divo ta odgojno-obrazovna skupina<\/span><\/li>\n<li><span style=\"font-size: 10.5pt; font-family: 'Lucida Sans Unicode', sans-serif; color: black;\">u prostoriji je potrebno organizirati prehranu djece (obroci se dostavljaju u prostoriju i mogu se u njoj konzumirati) na na\u010din da osoba koja donosi hranu ostavi hranu na kolicima ili ispred ulaza u prostoriju, a odgojitelj u prostoriju u kojoj borave djeca<\/span><\/li>\n<li><span style=\"font-size: 10.5pt; font-family: 'Lucida Sans Unicode', sans-serif; color: black;\">izbjegava se svaki ulazak drugih osoba (primjerice, zbog \u010di\u0161\u0107enja, popravaka ili dono\u0161enja hrane) u prostoriju tako dugo dok su djeca u njoj<\/span><\/li>\n<li><span style=\"font-size: 10.5pt; font-family: 'Lucida Sans Unicode', sans-serif; color: black;\">prolazak kroz zajedni\u010dke prostorije treba izbjegavati i skratiti na minimum, a ako je navedeno neophodno, prolaz kroz zajedni\u010dke prostorije se organizira na na\u010din da u isto vrijeme prolaze djeca i odgojitelj iz jedne odgojno-obrazovne skupine dok druge osobe ne prolaze u isto vrijeme, uz poticanje djece da kod takvih prolaza ne doti\u010du povr\u0161ine ili predmete<\/span><\/li>\n<\/ul>\n<p style=\"margin: 12pt 0cm; line-height: 17.15pt; text-align: justify;\"><strong><span style=\"font-size: 10.5pt; font-family: 'Lucida Sans Unicode', sans-serif; color: black;\">ORGANIZACIJA PROSTORA ZA BORAVAK DJECE:<\/span><\/strong><\/p>\n<p style=\"margin: 12pt 0cm; line-height: 17.15pt; text-align: justify;\"><span style=\"font-size: 10.5pt; font-family: 'Lucida Sans Unicode', sans-serif; color: black;\">Preporu\u010dene zna\u010dajke &nbsp;prostorije u kojoj boravi jedna odgojno-obrazovna grupa djece:<\/span><\/p>\n<p style=\"margin: 12pt 0cm; line-height: 17.15pt; text-align: justify;\"><strong><span style=\"font-size: 10.5pt; font-family: 'Lucida Sans Unicode', sans-serif; color: black;\">ULAZAK I IZLAZAK IZ VRTI\u0106A<\/span><\/strong><\/p>\n<p style=\"margin: 12pt 0cm; line-height: 17.15pt; text-align: justify;\"><span style=\"font-size: 10.5pt; font-family: 'Lucida Sans Unicode', sans-serif; color: black;\">Do daljnjega su zabranjeni svi posjeti vrti\u0107u (primjerice, kazali\u0161ne predstave, izvanredne aktivnosti i sl.).<\/span><\/p>\n<p style=\"margin: 12pt 0cm; line-height: 17.15pt; text-align: justify;\"><span style=\"font-size: 10.5pt; font-family: 'Lucida Sans Unicode', sans-serif; color: black;\">Neophodno je osigurati dolazak \u0161to manjeg broja osoba kako na ulasku u vrti\u0107 tako i na unutarnjim prostorima ustanove.<\/span><\/p>\n<p style=\"margin: 12pt 0cm; line-height: 17.15pt; text-align: justify;\"><strong><span style=\"font-size: 10.5pt; font-family: 'Lucida Sans Unicode', sans-serif; color: black;\">DOVO\u0110ENJE DJECE U VRTI\u0106<\/span><\/strong><span style=\"font-size: 10.5pt; font-family: 'Lucida Sans Unicode', sans-serif; color: black;\">&nbsp;Roditelji\/skrbnici dovode i odvode djecu u Dje\u010dji vrti\u0107 \u010carobni svijet u Re\u0161etarima tako da, ako je ikako mogu\u0107e, ne ulaze u ustanovu osim u krajnjoj nu\u017edi, ve\u0107 dolaze do ulaza, pri \u010demu zadr\u017eavaju distancu od najmanje 2 metra u odnosu na druge roditelje\/skrbnike i djecu. <strong>DJE\u010cJA OPREMA:<\/strong>&nbsp;Ako je mogu\u0107e, roditelj donosi i odnosi u dje\u010dji vrti\u0107 obilje\u017eeni ruksak s opremom isklju\u010divo petkom (posljednji radni dan u tjednu), kada dolazi po dijete. Odgojitelj preuzima i vra\u0107a ruksak roditelju ispred ulaznih vrata. Odgojitelj odla\u017ee ruksak u vrti\u0107u te on stoji nekori\u0161ten preko vikenda i po\u010dinje se koristiti tek nakon pauze od 48 do 72 sata.<\/span><\/p>\n<p style=\"margin: 12pt 0cm; line-height: 17.15pt; text-align: justify;\"><span style=\"font-size: 10.5pt; font-family: 'Lucida Sans Unicode', sans-serif; color: black;\">Kod dovo\u0111enja djeteta u vrti\u0107 i odvo\u0111enja djeteta u vrti\u0107, ako je mogu\u0107e, da bude dijete uvijek u pratnji iste osobe ili se izmjenjuju dvije odrasle osobe. Tako\u0111er je po\u017eeljno da ta osoba \u017eivi u istom ku\u0107anstvu s djetetom.<\/span><\/p>\n<p style=\"margin: 12pt 0cm; line-height: 17.15pt; text-align: justify;\"><span style=\"font-size: 10.5pt; font-family: 'Lucida Sans Unicode', sans-serif; color: black;\">Roditelji\/skrbnici ne smiju dovoditi niti odvoditi djecu iz ustanove, niti ulaziti u vanjske prostore (dvori\u0161te, vrt, igrali\u0161te) i unutarnje prostore ustanove, ako imaju povi\u0161enu tjelesnu temperaturu, respiratorne simptome poput ka\u0161lja i kratkog daha, ili su pod rizikom da su mogli biti u kontaktu s osobama pozitivnim na COVID-19 te roditeljima kojima je izre\u010dena mjera samoizolacije.<\/span><\/p>\n<p style=\"margin: 12pt 0cm; line-height: 17.15pt; text-align: justify;\"><span style=\"font-size: 10.5pt; font-family: 'Lucida Sans Unicode', sans-serif; color: black;\">Bolesna djeca koja imaju povi\u0161enu tjelesnu temperaturu, respiratorne simptome poput ka\u0161lja i kratkog daha ili koji su pod rizikom da su mogli biti u kontaktu s osobama pozitivnim na COVID-19 (primjerice, u ku\u0107anstvu ili ustanovi) ili su pod sumnjom da bi mogli biti zara\u017eeni s COVID-19 ostaju KOD KU\u0106E te ih roditelji\/skrbnici&nbsp;<strong>NE SMIJU<\/strong>&nbsp;dovoditi u ustanovu.<\/span><\/p>\n<p style=\"margin: 12pt 0cm; line-height: 17.15pt; text-align: justify;\"><span style=\"font-size: 10.5pt; font-family: 'Lucida Sans Unicode', sans-serif; color: black;\">\u010cinjenice iz prethodne dvije re\u010denice, kao i \u010dinjenicu da se radi o djetetu s oba zaposlena roditelja te da ne postoji druga mogu\u0107nost zbrinjavanja djece kao i to da je roditelj upoznat s ovim uputama u cjelini, roditelj potvr\u0111uje pisanom izjavom ravnatelju ustanove prije uklju\u010divanja djeteta u ustanovu.<\/span><\/p>\n<p style=\"margin: 12pt 0cm; line-height: 17.15pt; text-align: justify;\"><span style=\"font-size: 10.5pt; font-family: 'Lucida Sans Unicode', sans-serif; color: black;\">Postupanje djece po dolasku u vrti\u0107: Dijete ulazi tako da odlazi s odgojiteljem do garderobe, dijete obuva papu\u010de, sam ili uz pomo\u0107 odgojitelja, skida jaknu te pere ruke sapunom i vodom prije ulaska u sobu dnevnog boravka.<\/span><\/p>\n<p style=\"margin: 12pt 0cm; line-height: 17.15pt; text-align: justify;\"><strong><span style=\"font-size: 10.5pt; font-family: 'Lucida Sans Unicode', sans-serif; color: black;\">DJECA<\/span><\/strong><\/p>\n<p style=\"margin: 12pt 0cm; line-height: 17.15pt; text-align: justify;\"><span style=\"font-size: 10.5pt; font-family: 'Lucida Sans Unicode', sans-serif; color: black;\">Djeca ne nose za\u0161titne maske.<\/span><\/p>\n<p style=\"margin: 12pt 0cm; line-height: 17.15pt; text-align: justify;\"><span style=\"font-size: 10.5pt; font-family: 'Lucida Sans Unicode', sans-serif; color: black;\">Roditelji\/skrbnici imaju obavezu izmjeriti tjelesnu temperaturu djetetu svaki dan prije dolaska djeteta u vrti\u0107. U slu\u010daju povi\u0161ene tjelesne temperature ne smiju dovoditi dijete u ustanovu, ve\u0107 se javljaju telefonom ravnatelju ustanove i izabranom pedijatru, lije\u010dniku obiteljske medicine radi odluke o testiranju i lije\u010denju djeteta.<\/span><\/p>\n<p style=\"margin: 12pt 0cm; line-height: 17.15pt; text-align: justify;\"><span style=\"font-size: 10.5pt; font-family: 'Lucida Sans Unicode', sans-serif; color: black;\">Ako dijete razvije simptome COVIDA-19 tijekom boravka u vrti\u0107u, odgojitelj odmah obavje\u0161tava roditelje, koji u najkra\u0107em roku moraju do\u0107i po dijete.<\/span><\/p>\n<p style=\"margin: 12pt 0cm; line-height: 17.15pt; text-align: justify;\"><strong><span style=\"font-size: 10.5pt; font-family: 'Lucida Sans Unicode', sans-serif; color: black;\">Djeca sa znakovima drugih zaraznih bolesti tako\u0111er ne smiju dolaziti u vrti\u0107.<\/span><\/strong><\/p>\n<p style=\"margin: 12pt 0cm; line-height: 17.15pt; text-align: justify;\"><span style=\"font-size: 10.5pt; font-family: 'Lucida Sans Unicode', sans-serif; color: black;\">Djecu treba poticati da odr\u017eavaju distancu (fizi\u010dku udaljenost) od druge djece i odraslih, primjereno razvojnoj dobi.<\/span><\/p>\n<p style=\"margin: 12pt 0cm; line-height: 17.15pt; text-align: justify;\"><span style=\"font-size: 10.5pt; font-family: 'Lucida Sans Unicode', sans-serif; color: black;\">Djecu treba poticati da ne dodiruju usta, nos, o\u010di i lice kao i da ne stavljaju ruke i predmete u usta, primjereno razvojnoj dobi. Djecu treba poticati da redovito i pravilno peru ruke prije ulaska u svoju sobu dnevnog boravka, prije i nakon konzumiranja hrane, nakon kori\u0161tenja toaleta, nakon dolaska izvana, nakon \u010di\u0161\u0107enja nosa, uvijek kada ruke izgledaju prljavo.<\/span><\/p>\n<p style=\"margin: 12pt 0cm; line-height: 17.15pt; text-align: justify;\"><span style=\"font-size: 10.5pt; font-family: 'Lucida Sans Unicode', sans-serif; color: black;\">Nakon pranja ruku sapunom i vodom, za su\u0161enje ruku koristit \u0107e se papirnati ru\u010dnici za jednokratnu upotrebu, koji se nakon kori\u0161tenja bacaju u ko\u0161 za otpad s poklopcem. Djecu treba poticati da, kada ka\u0161lju i ki\u0161u, prekriju usta i nos laktom ili papirnatom maramicom koju \u0107emo poslije odbaciti u ko\u0161 za otpad s poklopcem te oprati ruke.<\/span><\/p>\n<p style=\"margin: 12pt 0cm; line-height: 17.15pt; text-align: justify;\"><span style=\"font-size: 10.5pt; font-family: 'Lucida Sans Unicode', sans-serif; color: black;\">Djeca ne\u0107e pribor za jelo, \u010da\u0161e, \u0161alice i drugo posu\u0111e dijeliti s drugom djecom.<\/span><\/p>\n<p style=\"margin: 12pt 0cm; line-height: 17.15pt; text-align: justify;\"><span style=\"font-size: 10.5pt; font-family: 'Lucida Sans Unicode', sans-serif; color: black;\">Preporu\u010da se da djeca igra\u010dke od ku\u0107e ne donose u vrti\u0107.<\/span><\/p>\n<p style=\"margin: 12pt 0cm; line-height: 17.15pt; text-align: justify;\"><span style=\"font-size: 10.5pt; font-family: 'Lucida Sans Unicode', sans-serif; color: black;\">Djeca \u0107e za lijepog vremena boraviti na otvorenom prostoru uvijek kada je to mogu\u0107e<\/span><\/p>\n<p style=\"margin: 12pt 0cm; line-height: 17.15pt; text-align: justify;\"><strong><span style=\"font-size: 10.5pt; font-family: 'Lucida Sans Unicode', sans-serif; color: black;\">ZAKLJU\u010cAK<\/span><\/strong><\/p>\n<p style=\"margin: 12pt 0cm; line-height: 17.15pt; text-align: justify;\"><span style=\"font-size: 10.5pt; font-family: 'Lucida Sans Unicode', sans-serif; color: black;\">Ove \u0107e se upute prilago\u0111avati epidemiolo\u0161koj situaciji, a svakako \u0107e se razmotriti potreba i mogu\u0107nost prilagodbe uputa nakon prvih 14 dana primjene.<\/span><\/p>\n<p style=\"margin: 12pt 0cm; line-height: 17.15pt; text-align: justify;\"><span style=\"font-size: 10.5pt; font-family: 'Lucida Sans Unicode', sans-serif; color: black;\">Ove preporuke ne isklju\u010duju provo\u0111enje drugih preporuka sukladno aktualnoj i promijenjenoj epidemiolo\u0161koj situaciji.<\/span><\/p>\n","protected":false},"excerpt":{"rendered":"<p>UO\u010cI PONOVNOG OTVARANJA DJE\u010cJEG VRTI\u0106A Upute roditeljima mali\u0161ana Dje\u010djeg vrti\u0107a \u010carobni svijet u Re\u0161etarima Dje\u010dji vrti\u0107 \u010carobni svijet u Re\u0161etarima izradio je popis uputa namijenjenih roditeljima mali\u0161ana koji poha\u0111aju vrti\u0107 u Re\u0161etarima. Iz Vrti\u0107a poru\u010duju da sve navedene postupke i upute temelje na preporukama Nacionalnog sto\u017eera civilne za\u0161tite, Ministarstva znanosti i obrazovanje i Hrvatskog zavoda [&hellip;]<\/p>\n","protected":false},"author":1,"featured_media":3922,"comment_status":"open","ping_status":"open","sticky":false,"template":"","format":"standard","meta":{"footnotes":""},"categories":[2],"tags":[],"class_list":["post-3991","post","type-post","status-publish","format-standard","has-post-thumbnail","hentry","category-uncategorised"],"_links":{"self":[{"href":"https:\/\/resetari.hr\/v2\/wp-json\/wp\/v2\/posts\/3991","targetHints":{"allow":["GET"]}}],"collection":[{"href":"https:\/\/resetari.hr\/v2\/wp-json\/wp\/v2\/posts"}],"about":[{"href":"https:\/\/resetari.hr\/v2\/wp-json\/wp\/v2\/types\/post"}],"author":[{"embeddable":true,"href":"https:\/\/resetari.hr\/v2\/wp-json\/wp\/v2\/users\/1"}],"replies":[{"embeddable":true,"href":"https:\/\/resetari.hr\/v2\/wp-json\/wp\/v2\/comments?post=3991"}],"version-history":[{"count":0,"href":"https:\/\/resetari.hr\/v2\/wp-json\/wp\/v2\/posts\/3991\/revisions"}],"wp:featuredmedia":[{"embeddable":true,"href":"https:\/\/resetari.hr\/v2\/wp-json\/wp\/v2\/media\/3922"}],"wp:attachment":[{"href":"https:\/\/resetari.hr\/v2\/wp-json\/wp\/v2\/media?parent=3991"}],"wp:term":[{"taxonomy":"category","embeddable":true,"href":"https:\/\/resetari.hr\/v2\/wp-json\/wp\/v2\/categories?post=3991"},{"taxonomy":"post_tag","embeddable":true,"href":"https:\/\/resetari.hr\/v2\/wp-json\/wp\/v2\/tags?post=3991"}],"curies":[{"name":"wp","href":"https:\/\/api.w.org\/{rel}","templated":true}]}}