{"id":3959,"date":"2020-04-17T07:45:13","date_gmt":"2020-04-17T07:45:13","guid":{"rendered":"https:\/\/resetari.hr\/v2\/2020\/04\/17\/financijska-potpora-za-odrzavanje-i-razvoj-predskolske-djelatnosti-u-2020-godini\/"},"modified":"2020-04-17T07:45:13","modified_gmt":"2020-04-17T07:45:13","slug":"financijska-potpora-za-odrzavanje-i-razvoj-predskolske-djelatnosti-u-2020-godini","status":"publish","type":"post","link":"https:\/\/resetari.hr\/v2\/financijska-potpora-za-odrzavanje-i-razvoj-predskolske-djelatnosti-u-2020-godini\/","title":{"rendered":"Financijska potpora za odr\u017eavanje i razvoj pred\u0161kolske djelatnosti u 2020. godini"},"content":{"rendered":"<div align=\"center\">\n<table style=\"border-collapse: collapse;\" border=\"0\" cellspacing=\"0\" cellpadding=\"0\">\n<tbody>\n<tr style=\"height: 43pt;\">\n<td style=\"padding: 0cm 5.4pt; height: 43pt;\" valign=\"top\">\n<p><span style=\"font-size: 12pt; font-family: 'Times New Roman', serif;\">&nbsp;&nbsp;&nbsp;&nbsp;&nbsp;&nbsp;&nbsp;&nbsp;&nbsp;&nbsp;&nbsp;&nbsp;&nbsp;&nbsp;&nbsp;&nbsp;&nbsp;&nbsp;&nbsp;&nbsp;&nbsp;&nbsp;&nbsp;&nbsp;&nbsp;&nbsp;&nbsp;&nbsp;&nbsp;&nbsp;&nbsp;&nbsp;&nbsp;&nbsp;&nbsp;&nbsp; <img decoding=\"async\" class=\" size-full wp-image-3957\" style=\"display: block; margin-left: auto; margin-right: auto;\" src=\"https:\/\/resetari.hr\/v2\/wp-content\/uploads\/2020\/04\/hr-grb.png\" alt=\"hr-grb\" width=\"150\" height=\"199\" srcset=\"https:\/\/resetari.hr\/v2\/wp-content\/uploads\/2020\/04\/hr-grb.png 1200w, https:\/\/resetari.hr\/v2\/wp-content\/uploads\/2020\/04\/hr-grb-227x300.png 227w, https:\/\/resetari.hr\/v2\/wp-content\/uploads\/2020\/04\/hr-grb-773x1024.png 773w, https:\/\/resetari.hr\/v2\/wp-content\/uploads\/2020\/04\/hr-grb-768x1017.png 768w, https:\/\/resetari.hr\/v2\/wp-content\/uploads\/2020\/04\/hr-grb-1160x1536.png 1160w\" sizes=\"(max-width: 150px) 100vw, 150px\" \/><\/span><\/p>\n<\/td>\n<\/tr>\n<tr style=\"height: 18.2pt;\">\n<td style=\"padding: 0cm 5.4pt; height: 18.2pt;\" valign=\"top\">&nbsp;<\/td>\n<\/tr>\n<tr style=\"height: 18.2pt;\">\n<td style=\"padding: 0cm 5.4pt; height: 18.2pt;\" valign=\"top\">\n<p style=\"margin-left: 1.7pt; text-align: center;\" align=\"center\"><strong><span style=\"font-size: 12pt; font-family: 'Times New Roman', serif;\">REPUBLIKA HRVATSKA<\/span><\/strong><\/p>\n<p style=\"margin-left: 1.7pt; text-align: center;\" align=\"center\"><strong><span style=\"font-size: 12pt; font-family: 'Times New Roman', serif;\">MINISTARSTVO ZA DEMOGRAFIJU, OBITELJ,<\/span><\/strong><\/p>\n<p style=\"margin-left: 1.7pt; text-align: center;\" align=\"center\"><strong><span style=\"font-size: 12pt; font-family: 'Times New Roman', serif;\">MLADE I SOCIJALNU POLITIKU<\/span><\/strong><\/p>\n<\/td>\n<\/tr>\n<\/tbody>\n<\/table>\n<\/div>\n<p style=\"margin-bottom: 6pt; text-align: center;\" align=\"center\">&nbsp;<\/p>\n<p style=\"margin-bottom: 6pt; text-align: center;\" align=\"center\">&nbsp;<\/p>\n<p style=\"margin-bottom: 6pt; text-align: center;\" align=\"center\">&nbsp;<\/p>\n<p style=\"margin-bottom: 6pt; text-align: center;\" align=\"center\"><strong><span style=\"font-size: 16pt; font-family: 'Times New Roman', serif;\"><span style=\"text-decoration: underline;\">Financijska potpora za odr\u017eavanje i razvoj pred\u0161kolske djelatnosti u 2020. godini<\/span> <\/span><\/strong><\/p>\n<p style=\"margin-bottom: 6pt; text-align: center;\" align=\"center\">&nbsp;<\/p>\n<p style=\"margin-bottom: 6pt; text-align: center;\" align=\"center\">&nbsp;<\/p>\n<p style=\"margin-bottom: 6pt; text-align: center;\" align=\"center\">&nbsp;<\/p>\n<p style=\"text-align: justify;\">Temeljem Javnog poziva Ministarstva za demografiju, obitelj, mlade i socijalnu politiku op\u0107inama indeksa razvijenosti I.-IV. skupine i ostalim sukladno uvjetima i kriterijima prihvatljivog prijavitelja za financijsku potporu za odr\u017eavanje i razvoj pred\u0161kolske djelatnosti u 2020. godini Op\u0107ini Re\u0161etari odobren je projekt i dodijeljena potpora.<\/p>\n<p style=\"text-align: justify;\">&nbsp;<\/p>\n<p style=\"text-align: justify;\"><strong>Projekt sufinanciran od strane Ministarstva za demografiju, obitelj, mlade i socijalnu politiku.<\/strong><\/p>\n<p style=\"text-align: justify;\">&nbsp;<\/p>\n<p style=\"text-align: justify;\"><strong>Dodijeljena su financijska sredstva za odr\u017eavanje i razvoj pred\u0161kolske djelatnosti u 2020. godini za razdoblje od 01. rujna 2019. godine do 31. kolovoza 2020. godine.<\/strong><\/p>\n<p style=\"text-align: justify;\">&nbsp;<\/p>\n<p style=\"text-align: justify;\"><strong>Financijska potpora odobrena u najve\u0107em mogu\u0107em iznosu \u2013 275.000,00 kn.<\/strong><\/p>\n<p style=\"text-align: justify;\">&nbsp;<\/p>\n<p style=\"text-align: justify;\">Cilj projekta je pove\u0107ati kvalitetu rada vrti\u0107a, pru\u017eiti mogu\u0107nost zapo\u0161ljavanja novog stru\u010dnog kadra i pove\u0107anja broja djece upisane u vrti\u0107, te pobolj\u0161ati uvjete boravka upisane djece u vrti\u0107 (76 djece u redovnom programu vrti\u0107a, 28 djece u programu pred\u0161kole).<\/p>\n<p style=\"text-align: justify;\">Provedbom projekta ostvarit \u0107e se promicanje ravnomjernijeg i odr\u017eivog razvoja pred\u0161kolske djelatnosti, pobolj\u0161anje dostupnosti i pristupa\u010dnosti dje\u010djeg vrti\u0107a te pove\u0107anje uklju\u010denosti i obuhva\u0107enosti djece rane i pred\u0161kolske dobi programima ranog i pred\u0161kolskog odgoja i obrazovanja. Tako\u0111er, utjecat \u0107e na ostanak vi\u0161e mladih obitelji na podru\u010dju Op\u0107ine radi mogu\u0107nosti realizacije jedne od osnovnih potreba obitelji.&nbsp;<\/p>\n<p style=\"text-align: justify;\">&nbsp;<\/p>\n<p style=\"text-align: justify;\">&nbsp;<\/p>\n<p><img fetchpriority=\"high\" decoding=\"async\" class=\" size-full wp-image-3958\" style=\"border: 1px solid #000000; display: block; margin-left: auto; margin-right: auto;\" src=\"https:\/\/resetari.hr\/v2\/wp-content\/uploads\/2020\/04\/min-za-demografiju.jpg\" alt=\"min-za-demografiju\" width=\"693\" height=\"490\" srcset=\"https:\/\/resetari.hr\/v2\/wp-content\/uploads\/2020\/04\/min-za-demografiju.jpg 693w, https:\/\/resetari.hr\/v2\/wp-content\/uploads\/2020\/04\/min-za-demografiju-300x212.jpg 300w\" sizes=\"(max-width: 693px) 100vw, 693px\" \/><\/p>\n<p style=\"text-align: justify;\">&nbsp;<\/p>\n<p style=\"text-align: justify;\">&nbsp;<\/p>\n<p style=\"text-align: justify;\">&nbsp;<\/p>\n","protected":false},"excerpt":{"rendered":"<p>&nbsp;&nbsp;&nbsp;&nbsp;&nbsp;&nbsp;&nbsp;&nbsp;&nbsp;&nbsp;&nbsp;&nbsp;&nbsp;&nbsp;&nbsp;&nbsp;&nbsp;&nbsp;&nbsp;&nbsp;&nbsp;&nbsp;&nbsp;&nbsp;&nbsp;&nbsp;&nbsp;&nbsp;&nbsp;&nbsp;&nbsp;&nbsp;&nbsp;&nbsp;&nbsp;&nbsp; &nbsp; REPUBLIKA HRVATSKA MINISTARSTVO ZA DEMOGRAFIJU, OBITELJ, MLADE I SOCIJALNU POLITIKU &nbsp; &nbsp; &nbsp; Financijska potpora za odr\u017eavanje i razvoj pred\u0161kolske djelatnosti u 2020. godini &nbsp; &nbsp; &nbsp; Temeljem Javnog poziva Ministarstva za demografiju, obitelj, mlade i socijalnu politiku op\u0107inama indeksa razvijenosti I.-IV. skupine i ostalim sukladno uvjetima i kriterijima prihvatljivog prijavitelja za financijsku [&hellip;]<\/p>\n","protected":false},"author":1,"featured_media":3957,"comment_status":"open","ping_status":"open","sticky":false,"template":"","format":"standard","meta":{"footnotes":""},"categories":[2],"tags":[],"class_list":["post-3959","post","type-post","status-publish","format-standard","has-post-thumbnail","hentry","category-uncategorised"],"_links":{"self":[{"href":"https:\/\/resetari.hr\/v2\/wp-json\/wp\/v2\/posts\/3959","targetHints":{"allow":["GET"]}}],"collection":[{"href":"https:\/\/resetari.hr\/v2\/wp-json\/wp\/v2\/posts"}],"about":[{"href":"https:\/\/resetari.hr\/v2\/wp-json\/wp\/v2\/types\/post"}],"author":[{"embeddable":true,"href":"https:\/\/resetari.hr\/v2\/wp-json\/wp\/v2\/users\/1"}],"replies":[{"embeddable":true,"href":"https:\/\/resetari.hr\/v2\/wp-json\/wp\/v2\/comments?post=3959"}],"version-history":[{"count":0,"href":"https:\/\/resetari.hr\/v2\/wp-json\/wp\/v2\/posts\/3959\/revisions"}],"wp:featuredmedia":[{"embeddable":true,"href":"https:\/\/resetari.hr\/v2\/wp-json\/wp\/v2\/media\/3957"}],"wp:attachment":[{"href":"https:\/\/resetari.hr\/v2\/wp-json\/wp\/v2\/media?parent=3959"}],"wp:term":[{"taxonomy":"category","embeddable":true,"href":"https:\/\/resetari.hr\/v2\/wp-json\/wp\/v2\/categories?post=3959"},{"taxonomy":"post_tag","embeddable":true,"href":"https:\/\/resetari.hr\/v2\/wp-json\/wp\/v2\/tags?post=3959"}],"curies":[{"name":"wp","href":"https:\/\/api.w.org\/{rel}","templated":true}]}}