{"id":3923,"date":"2020-03-31T14:51:47","date_gmt":"2020-03-31T14:51:47","guid":{"rendered":"https:\/\/resetari.hr\/v2\/2020\/03\/31\/djecji-vrtic-obavijest-roditeljima\/"},"modified":"2020-03-31T14:51:47","modified_gmt":"2020-03-31T14:51:47","slug":"djecji-vrtic-obavijest-roditeljima","status":"publish","type":"post","link":"https:\/\/resetari.hr\/v2\/djecji-vrtic-obavijest-roditeljima\/","title":{"rendered":"DJE\u010cJI VRTI\u0106 &#8211; OBAVIJEST RODITELJIMA"},"content":{"rendered":"<p style=\"text-align: justify;\"><img fetchpriority=\"high\" decoding=\"async\" class=\" alignleft size-full wp-image-3922\" style=\"margin: 5px; float: left;\" src=\"https:\/\/resetari.hr\/v2\/wp-content\/uploads\/2020\/03\/vrtic-korona.jpg\" alt=\"vrtic-korona\" width=\"400\" height=\"226\" srcset=\"https:\/\/resetari.hr\/v2\/wp-content\/uploads\/2020\/03\/vrtic-korona.jpg 640w, https:\/\/resetari.hr\/v2\/wp-content\/uploads\/2020\/03\/vrtic-korona-300x169.jpg 300w\" sizes=\"(max-width: 400px) 100vw, 400px\" \/>Obavje\u0161tavaju se roditelji\/skrbnici djece korisnika programa dje\u010djeg vrti\u0107a da se osloba\u0111aju pla\u0107anja cijene programa po\u010dev\u0161i od 16.3.2020. do okon\u010danja mjera uzrokovanih opasnostima od zaraze koronavirusom COVID-19 kao mjeru pomo\u0107i gra\u0111anima Op\u0107ine Re\u0161etari zbog izvanrednih okolnosti uzrokovanih pandemijom.<\/p>\n<p style=\"text-align: justify;\">Roditelji imaju obvezu pla\u0107anja 50% iznosa cijene programa kojeg poha\u0111a dijete\/djeca za mjesec o\u017eujak ( 2.3.2020.-13.3.2020.). Roditeljima koji su koristili usluge vrti\u0107a u periodu od 16.3.2020. pa nadalje ra\u010dun \u0107e se obra\u010dunati sukladno vremenskom periodu u kojem su koristili usluge vrti\u0107a.<\/p>\n<p style=\"text-align: justify;\">Roditeljima koji su ve\u0107 izvr\u0161ili uplatu punog iznosa za mjesec o\u017eujak prepla\u0107eni dio \u0107e se ra\u010dunati i shodno tome umanjiti iznos sljede\u0107e uplate koja \u0107e uslijediti po okon\u010danju mjera ili \u0107e se eventualno izvr\u0161iti povrat prepla\u0107enog iznosa.<\/p>\n<p style=\"text-align: justify;\"><span style=\"text-decoration: underline;\"><strong>VA\u017dNO!<\/strong><\/span><br \/><span style=\"text-decoration: underline;\"><strong>Molimo roditelje da ne dolaze po uplatnice osobno u dje\u010dji vrti\u0107. O na\u010dinu preuzimanja uplatnica i pla\u0107anja obavijestit \u0107emo Vas putem web stranice vrti\u0107a ili telefonom.<\/strong><\/span><\/p>\n<p style=\"text-align: justify;\">Vrti\u0107 i dalje radi po uputama Sto\u017eera civilne za\u0161tite Op\u0107ine Re\u0161etari za djecu \u010dija su oba roditelja zaposlena i ako nisu u mogu\u0107nosti osigurati \u010duvanje djece na drugi na\u010din.<\/p>\n<p style=\"text-align: justify;\">Za sve informacije obratite se na telefon 367-231 ili putem mail adrese <a href=\"mailto:vrtic@resetari.hr\">vrtic@resetari.hr<\/a>.<\/p>\n<p style=\"text-align: justify;\">Upu\u0107ujemo Vam srda\u010dne pozdrave sa \u017eeljom i nadom da se \u0161to prije vratimo u na\u0161 vrti\u0107, do tada \u010duvajte se, \u010duvajte Va\u0161u djecu, ostanite ku\u0107i i iskoristite ovo vrijeme za dru\u017eenje s va\u0161im mali\u0161anima.<\/p>\n<p style=\"text-align: justify;\">Lijep pozdrav,<br \/>Ravnateljica Jasminka Koli\u0107<\/p>\n","protected":false},"excerpt":{"rendered":"<p>Obavje\u0161tavaju se roditelji\/skrbnici djece korisnika programa dje\u010djeg vrti\u0107a da se osloba\u0111aju pla\u0107anja cijene programa po\u010dev\u0161i od 16.3.2020. do okon\u010danja mjera uzrokovanih opasnostima od zaraze koronavirusom COVID-19 kao mjeru pomo\u0107i gra\u0111anima Op\u0107ine Re\u0161etari zbog izvanrednih okolnosti uzrokovanih pandemijom. Roditelji imaju obvezu pla\u0107anja 50% iznosa cijene programa kojeg poha\u0111a dijete\/djeca za mjesec o\u017eujak ( 2.3.2020.-13.3.2020.). Roditeljima koji [&hellip;]<\/p>\n","protected":false},"author":1,"featured_media":3922,"comment_status":"open","ping_status":"open","sticky":false,"template":"","format":"standard","meta":{"footnotes":""},"categories":[2],"tags":[],"class_list":["post-3923","post","type-post","status-publish","format-standard","has-post-thumbnail","hentry","category-uncategorised"],"_links":{"self":[{"href":"https:\/\/resetari.hr\/v2\/wp-json\/wp\/v2\/posts\/3923","targetHints":{"allow":["GET"]}}],"collection":[{"href":"https:\/\/resetari.hr\/v2\/wp-json\/wp\/v2\/posts"}],"about":[{"href":"https:\/\/resetari.hr\/v2\/wp-json\/wp\/v2\/types\/post"}],"author":[{"embeddable":true,"href":"https:\/\/resetari.hr\/v2\/wp-json\/wp\/v2\/users\/1"}],"replies":[{"embeddable":true,"href":"https:\/\/resetari.hr\/v2\/wp-json\/wp\/v2\/comments?post=3923"}],"version-history":[{"count":0,"href":"https:\/\/resetari.hr\/v2\/wp-json\/wp\/v2\/posts\/3923\/revisions"}],"wp:featuredmedia":[{"embeddable":true,"href":"https:\/\/resetari.hr\/v2\/wp-json\/wp\/v2\/media\/3922"}],"wp:attachment":[{"href":"https:\/\/resetari.hr\/v2\/wp-json\/wp\/v2\/media?parent=3923"}],"wp:term":[{"taxonomy":"category","embeddable":true,"href":"https:\/\/resetari.hr\/v2\/wp-json\/wp\/v2\/categories?post=3923"},{"taxonomy":"post_tag","embeddable":true,"href":"https:\/\/resetari.hr\/v2\/wp-json\/wp\/v2\/tags?post=3923"}],"curies":[{"name":"wp","href":"https:\/\/api.w.org\/{rel}","templated":true}]}}