{"id":3683,"date":"2019-11-06T12:42:13","date_gmt":"2019-11-06T12:42:13","guid":{"rendered":"https:\/\/resetari.hr\/v2\/2019\/11\/06\/zavrsena-prva-faza-nadogradnje-opcinske-zgrade-opcine-resetari\/"},"modified":"2019-11-06T12:42:13","modified_gmt":"2019-11-06T12:42:13","slug":"zavrsena-prva-faza-nadogradnje-opcinske-zgrade-opcine-resetari","status":"publish","type":"post","link":"https:\/\/resetari.hr\/v2\/zavrsena-prva-faza-nadogradnje-opcinske-zgrade-opcine-resetari\/","title":{"rendered":"Zavr\u0161ena prva faza nadogradnje op\u0107inske zgrade Op\u0107ine Re\u0161etari"},"content":{"rendered":"<p style=\"text-align: justify;\"><img fetchpriority=\"high\" decoding=\"async\" class=\" alignleft size-full wp-image-3682\" style=\"margin: 5px; float: left;\" src=\"https:\/\/resetari.hr\/v2\/wp-content\/uploads\/2019\/11\/nasl-zgrada-opcine.jpg\" alt=\"nasl-zgrada-opcine\" width=\"400\" height=\"300\" srcset=\"https:\/\/resetari.hr\/v2\/wp-content\/uploads\/2019\/11\/nasl-zgrada-opcine.jpg 1600w, https:\/\/resetari.hr\/v2\/wp-content\/uploads\/2019\/11\/nasl-zgrada-opcine-300x225.jpg 300w, https:\/\/resetari.hr\/v2\/wp-content\/uploads\/2019\/11\/nasl-zgrada-opcine-1024x768.jpg 1024w, https:\/\/resetari.hr\/v2\/wp-content\/uploads\/2019\/11\/nasl-zgrada-opcine-768x576.jpg 768w, https:\/\/resetari.hr\/v2\/wp-content\/uploads\/2019\/11\/nasl-zgrada-opcine-1536x1152.jpg 1536w\" sizes=\"(max-width: 400px) 100vw, 400px\" \/>Prije tri mjeseca zapo\u010dela je prva faza nadogradnje op\u0107inske zgrade Op\u0107ine Re\u0161etari, koja je zavr\u0161ila ovih dana postavljenjem vanjske stolarije na dogra\u0111eni dio i zavr\u0161etkom grube mre\u017ee odvodnje i vodoopskrbe, strojarskim i elektrotehni\u010dkim dijelom.<\/p>\n<p>&#8211; Sada\u0161nji uvjeti u kojima su smje\u0161teni prostori Op\u0107ine ne udovoljavaju njenom razvoju ni budu\u0107im aktivnostima pa se pri\u0161lo nadogradnji. Svaki djelatnik trebao bi raditi u posebnom uredu jer u postoje\u0107im prostorijama ureda radi vi\u0161e osoba \u0161to ote\u017eava kvalitetan rad. Pored toga, u op\u0107inskoj zgradi nemamo niti standardiziranu arhivu \u0161to zakonske obveze nala\u017eu kao niti sanitarne \u010dvorove. Iako se svi skupa trudimo prilagoditi situaciji s nedostatkom prostora, uvjeren sam da \u0107e novi prostori i sada\u0161nji uz rekonstrukciju utjecati na jo\u0161 u\u010dinkovitiji rad sviju nas \u2013 naglasio je na\u010delnik op\u0107ine Re\u0161etari Zlatko Aga. Op\u0107ina Re\u0161etari samostalno financira dogradnju objekta op\u0107ine te je planom predvi\u0111eno useljenje u nove prostorije do mjeseca svibnja 2020. godine.<\/p>\n<p><!--more--><\/p>\n<p style=\"text-align: justify;\">&nbsp;<\/p>\n<p style=\"text-align: justify;\">{gallery}fotografije\/nadogradnja-zgrade-opcine-11-2019{\/gallery}<\/p>\n","protected":false},"excerpt":{"rendered":"<p>Prije tri mjeseca zapo\u010dela je prva faza nadogradnje op\u0107inske zgrade Op\u0107ine Re\u0161etari, koja je zavr\u0161ila ovih dana postavljenjem vanjske stolarije na dogra\u0111eni dio i zavr\u0161etkom grube mre\u017ee odvodnje i vodoopskrbe, strojarskim i elektrotehni\u010dkim dijelom. &#8211; Sada\u0161nji uvjeti u kojima su smje\u0161teni prostori Op\u0107ine ne udovoljavaju njenom razvoju ni budu\u0107im aktivnostima pa se pri\u0161lo nadogradnji. Svaki [&hellip;]<\/p>\n","protected":false},"author":1,"featured_media":3682,"comment_status":"open","ping_status":"open","sticky":false,"template":"","format":"standard","meta":{"footnotes":""},"categories":[2],"tags":[],"class_list":["post-3683","post","type-post","status-publish","format-standard","has-post-thumbnail","hentry","category-uncategorised"],"_links":{"self":[{"href":"https:\/\/resetari.hr\/v2\/wp-json\/wp\/v2\/posts\/3683","targetHints":{"allow":["GET"]}}],"collection":[{"href":"https:\/\/resetari.hr\/v2\/wp-json\/wp\/v2\/posts"}],"about":[{"href":"https:\/\/resetari.hr\/v2\/wp-json\/wp\/v2\/types\/post"}],"author":[{"embeddable":true,"href":"https:\/\/resetari.hr\/v2\/wp-json\/wp\/v2\/users\/1"}],"replies":[{"embeddable":true,"href":"https:\/\/resetari.hr\/v2\/wp-json\/wp\/v2\/comments?post=3683"}],"version-history":[{"count":0,"href":"https:\/\/resetari.hr\/v2\/wp-json\/wp\/v2\/posts\/3683\/revisions"}],"wp:featuredmedia":[{"embeddable":true,"href":"https:\/\/resetari.hr\/v2\/wp-json\/wp\/v2\/media\/3682"}],"wp:attachment":[{"href":"https:\/\/resetari.hr\/v2\/wp-json\/wp\/v2\/media?parent=3683"}],"wp:term":[{"taxonomy":"category","embeddable":true,"href":"https:\/\/resetari.hr\/v2\/wp-json\/wp\/v2\/categories?post=3683"},{"taxonomy":"post_tag","embeddable":true,"href":"https:\/\/resetari.hr\/v2\/wp-json\/wp\/v2\/tags?post=3683"}],"curies":[{"name":"wp","href":"https:\/\/api.w.org\/{rel}","templated":true}]}}