{"id":3635,"date":"2019-10-01T11:33:08","date_gmt":"2019-10-01T11:33:08","guid":{"rendered":"https:\/\/resetari.hr\/v2\/2019\/10\/01\/susret-na-gracanici-2\/"},"modified":"2019-10-01T11:33:08","modified_gmt":"2019-10-01T11:33:08","slug":"susret-na-gracanici-2","status":"publish","type":"post","link":"https:\/\/resetari.hr\/v2\/susret-na-gracanici-2\/","title":{"rendered":"Susret na Gra\u010danici"},"content":{"rendered":"<p style=\"text-align: justify;\"><a href=\"https:\/\/resetari.hr\/v2\/wp-content\/uploads\/2019\/10\/Gracanica-plakat-2019.jpg\" target=\"_blank\" rel=\"noopener\"><img fetchpriority=\"high\" decoding=\"async\" class=\" alignleft size-full wp-image-3634\" style=\"margin: 5px; float: left;\" src=\"https:\/\/resetari.hr\/v2\/wp-content\/uploads\/2019\/10\/Gracanica-plakat-2019.jpg\" alt=\"Gracanica-plakat-2019\" width=\"400\" height=\"566\" srcset=\"https:\/\/resetari.hr\/v2\/wp-content\/uploads\/2019\/10\/Gracanica-plakat-2019.jpg 905w, https:\/\/resetari.hr\/v2\/wp-content\/uploads\/2019\/10\/Gracanica-plakat-2019-212x300.jpg 212w, https:\/\/resetari.hr\/v2\/wp-content\/uploads\/2019\/10\/Gracanica-plakat-2019-724x1024.jpg 724w, https:\/\/resetari.hr\/v2\/wp-content\/uploads\/2019\/10\/Gracanica-plakat-2019-768x1086.jpg 768w\" sizes=\"(max-width: 400px) 100vw, 400px\" \/><\/a>Poziv HPD &#8220;Strmac&#8221; Nova Gradi\u0161ka:<\/p>\n<p style=\"text-align: justify;\"><em>Dragi planinari, planinarski prijatelji i sugra\u0111ani,<\/em><\/p>\n<p style=\"text-align: justify;\"><em>i ove godine nastavljamo, sa sada ve\u0107 tradicionalnom manifestacijom &#8211; Susret na Gra\u010danici. Susret \u0107e se odr\u017eati u petak 04.10.2019. godine. Svi koji \u017eele mogu nam se priklju\u010diti u 17 sati na okupljali\u0161tu kod crkve u Ba\u0107indolu. Na\u0161i vodi\u010di \u0107e voditi grupu do Gra\u010danice gdje se planira dru\u017eenje i prigodni program od 18 sati. U slu\u010daju lo\u0161ega vremena uspon do Gra\u010danice \u0107emo obaviti &#8211; jer ki\u0161a nas ne mo\u017ee omesti, a nastavak dru\u017eenja i prigodne projekcije planinarskih video zapisa nastaviti \u0107emo u planinarskom domu na Strmcu.<\/em><\/p>\n<p style=\"text-align: justify;\"><em>Priklju\u010dite se i provedite ugodnu ve\u010der na po\u010detku vikenda.<\/em><\/p>\n","protected":false},"excerpt":{"rendered":"<p>Poziv HPD &#8220;Strmac&#8221; Nova Gradi\u0161ka: Dragi planinari, planinarski prijatelji i sugra\u0111ani, i ove godine nastavljamo, sa sada ve\u0107 tradicionalnom manifestacijom &#8211; Susret na Gra\u010danici. Susret \u0107e se odr\u017eati u petak 04.10.2019. godine. Svi koji \u017eele mogu nam se priklju\u010diti u 17 sati na okupljali\u0161tu kod crkve u Ba\u0107indolu. Na\u0161i vodi\u010di \u0107e voditi grupu do Gra\u010danice [&hellip;]<\/p>\n","protected":false},"author":1,"featured_media":3634,"comment_status":"open","ping_status":"open","sticky":false,"template":"","format":"standard","meta":{"footnotes":""},"categories":[2],"tags":[],"class_list":["post-3635","post","type-post","status-publish","format-standard","has-post-thumbnail","hentry","category-uncategorised"],"_links":{"self":[{"href":"https:\/\/resetari.hr\/v2\/wp-json\/wp\/v2\/posts\/3635","targetHints":{"allow":["GET"]}}],"collection":[{"href":"https:\/\/resetari.hr\/v2\/wp-json\/wp\/v2\/posts"}],"about":[{"href":"https:\/\/resetari.hr\/v2\/wp-json\/wp\/v2\/types\/post"}],"author":[{"embeddable":true,"href":"https:\/\/resetari.hr\/v2\/wp-json\/wp\/v2\/users\/1"}],"replies":[{"embeddable":true,"href":"https:\/\/resetari.hr\/v2\/wp-json\/wp\/v2\/comments?post=3635"}],"version-history":[{"count":0,"href":"https:\/\/resetari.hr\/v2\/wp-json\/wp\/v2\/posts\/3635\/revisions"}],"wp:featuredmedia":[{"embeddable":true,"href":"https:\/\/resetari.hr\/v2\/wp-json\/wp\/v2\/media\/3634"}],"wp:attachment":[{"href":"https:\/\/resetari.hr\/v2\/wp-json\/wp\/v2\/media?parent=3635"}],"wp:term":[{"taxonomy":"category","embeddable":true,"href":"https:\/\/resetari.hr\/v2\/wp-json\/wp\/v2\/categories?post=3635"},{"taxonomy":"post_tag","embeddable":true,"href":"https:\/\/resetari.hr\/v2\/wp-json\/wp\/v2\/tags?post=3635"}],"curies":[{"name":"wp","href":"https:\/\/api.w.org\/{rel}","templated":true}]}}