{"id":3602,"date":"2019-09-16T13:01:37","date_gmt":"2019-09-16T13:01:37","guid":{"rendered":"https:\/\/resetari.hr\/v2\/2019\/09\/16\/da-se-ne-zaboravi-spomen-na-28-poginulih-hrvatskih-branitelja-s-podrucja-opcine-resetari\/"},"modified":"2019-09-16T13:01:37","modified_gmt":"2019-09-16T13:01:37","slug":"da-se-ne-zaboravi-spomen-na-28-poginulih-hrvatskih-branitelja-s-podrucja-opcine-resetari","status":"publish","type":"post","link":"https:\/\/resetari.hr\/v2\/da-se-ne-zaboravi-spomen-na-28-poginulih-hrvatskih-branitelja-s-podrucja-opcine-resetari\/","title":{"rendered":"\u201eDA SE NE ZABORAVI\u201c \u2013 Spomen na 28 poginulih hrvatskih branitelja s podru\u010dja op\u0107ine Re\u0161etari"},"content":{"rendered":"<p style=\"text-align: justify;\"><img fetchpriority=\"high\" decoding=\"async\" class=\" alignleft size-full wp-image-3601\" style=\"margin: 5px; float: left;\" src=\"https:\/\/resetari.hr\/v2\/wp-content\/uploads\/2019\/09\/prva-575-e1568637895770-768x482.jpg\" alt=\"prva-575-e1568637895770-768x482\" width=\"400\" height=\"251\" srcset=\"https:\/\/resetari.hr\/v2\/wp-content\/uploads\/2019\/09\/prva-575-e1568637895770-768x482.jpg 768w, https:\/\/resetari.hr\/v2\/wp-content\/uploads\/2019\/09\/prva-575-e1568637895770-768x482-300x188.jpg 300w\" sizes=\"(max-width: 400px) 100vw, 400px\" \/>Osnovna \u0161kola \u201eAnte Star\u010devi\u0107&#8221;u suradnji s Udrugom roditelja hrvatskih branitelja poginulih u Domovinskom ratu i Op\u0107inom Re\u0161etari 16. rujna svake godine, pod nazivom \u201eDa se ne zaboravi&#8221;, organizira spomen na poginule branitelje s podru\u010dja op\u0107ine Re\u0161etari. U\u010denici i djelatnici \u0161kole, predstavnici Op\u0107ine Re\u0161etari, roditelji i udovice poginulih branitelja okupe se spomenika poginulim braniteljima, polo\u017ee vijence, zapale svije\u0107e i za njih izmole molitvu. Prisjete se Domovinskog rata i \u017ertve koju se podnijeli za slobodnu i neovisnu Hrvatsku.<\/p>\n<p>-Mo\u017eda se pitate kada je to bilo i za\u0161to se to desilo. Sigurno u va\u0161im glavicama se te misli pro\u017eimaju. Znajte da se sje\u0107amo 16. rujna 1991. godine kada su iz prostora na\u0161e \u0161kole krenuli branitelji u obranu Domovine zbog nametnutog nam rata i agresije koja se u to vrijeme de\u0161avala. Zato, upravo s vama, \u017eelimo podijeliti te slavne trenutke na\u0161e povijesti, prenijeti na vas sve ono \u0161to su tekovine Domovinskog rata nama donijele i budu\u0107nost koja je pred vama.<br \/>Zato se s du\u017enim pijetetom \u017eelimo sjetiti \u017ertve, 28 poginulih branitelja s podru\u010dja op\u0107ine Re\u0161etari, koji su svoje \u017eivote polo\u017eili na oltar Domovine.<\/p>\n<p><!--more--><\/p>\n<p style=\"text-align: justify;\">&nbsp;<\/p>\n<p style=\"text-align: justify;\">\u017delim se zahvaliti na\u0161im uva\u017eenim gostima uz koje svake godine odr\u017eavamo ovu manifestaciju. Prije svega pozdravljam na\u010delnika Zlatka Agu i predsjednicu Op\u0107inskog vije\u0107a Milku Perkovi\u0107, roditelje i udovice poginulih branitelja. Pozdravljam i gospodina \u017eupnika koji je na svim ovim manifestacijama uvijek s nama \u2013 kazao je Tihomir Batalo, ravnatelj O\u0160 \u201eAnte Star\u010devi\u0107&#8221; i pozvao okupljene da minutom \u0161utnje odaju du\u017eno po\u0161tovanje poginulim branitelji za koje je potom molitvu vodio vele\u010dasni Tomislav Bakari\u0107.<\/p>\n<p>-Tradicionalan je povod ovog okupljanja. Osnovna \u0161kola organizira komemorativni skup za u\u010denike, roditelje i obitelji poginulih branitelja i za nas predstavnike lokalne vlasti. Razlog je taj \u0161to je na dana\u0161nji dan poginuo prvi hrvatski branitelj s podru\u010dja op\u0107ine Re\u0161etari, a to je bio suprug na\u0161e predsjednice Op\u0107inskog vije\u0107a, koji je tog dana poginuo u borbama 1991. godine.<\/p>\n<p>Treba naglasiti da su Op\u0107ini Re\u0161etari tijekom rujna 1991. godine bile velike mobilizacije i da su se odazvali svi pozvani u obranu Domovine. U tri navrata preko 1.500 gra\u0111ana na\u0161e op\u0107ine uklju\u010dilo se u postrojne Hrvatske vojske, tada\u0161njeg Zbora narodne garde i Policije, te u Civilnu za\u0161titu i radne obveze koje su trebale osigurati nesmetan \u017eivot.<\/p>\n<p>U zgradi osnovne \u0161kole su se okupljali branitelji gdje sam kao branitelj dolazio na koordinacije. Neprijateljska djelovanja su bila na Novu Gradi\u0161ku i ne\u0161to manje na Re\u0161etare pa je zato zapovjedni\u0161tvo bilo u Re\u0161etrima. Isti\u010dem branitelje koji su se odazvali u velikom broju i nije bilo doma\u0107instva koje nije dalo barem jednog branitelja. Svi su dali velik doprinos u obrani domovine, ali na\u017ealost 28 poginulih je dalo najvi\u0161e. Sa podru\u010dja na\u0161e op\u0107ine su bila i 82 ranjena \u2013 kazao je na\u010delnik Zlatko Aga. <em>Autor: Franjo Samard\u017ei\u0107 \/ Izvor: <a href=\"http:\/\/www.novagra.hr\" target=\"_blank\" rel=\"noopener\">www.novagra.hr<\/a><br \/><\/em><\/p>\n<p style=\"text-align: justify;\"><em>{gallery}fotografije\/da-se-ne-zaboravi-2019{\/gallery}<\/em><\/p>\n","protected":false},"excerpt":{"rendered":"<p>Osnovna \u0161kola \u201eAnte Star\u010devi\u0107&#8221;u suradnji s Udrugom roditelja hrvatskih branitelja poginulih u Domovinskom ratu i Op\u0107inom Re\u0161etari 16. rujna svake godine, pod nazivom \u201eDa se ne zaboravi&#8221;, organizira spomen na poginule branitelje s podru\u010dja op\u0107ine Re\u0161etari. U\u010denici i djelatnici \u0161kole, predstavnici Op\u0107ine Re\u0161etari, roditelji i udovice poginulih branitelja okupe se spomenika poginulim braniteljima, polo\u017ee vijence, [&hellip;]<\/p>\n","protected":false},"author":1,"featured_media":3601,"comment_status":"open","ping_status":"open","sticky":false,"template":"","format":"standard","meta":{"footnotes":""},"categories":[2],"tags":[],"class_list":["post-3602","post","type-post","status-publish","format-standard","has-post-thumbnail","hentry","category-uncategorised"],"_links":{"self":[{"href":"https:\/\/resetari.hr\/v2\/wp-json\/wp\/v2\/posts\/3602","targetHints":{"allow":["GET"]}}],"collection":[{"href":"https:\/\/resetari.hr\/v2\/wp-json\/wp\/v2\/posts"}],"about":[{"href":"https:\/\/resetari.hr\/v2\/wp-json\/wp\/v2\/types\/post"}],"author":[{"embeddable":true,"href":"https:\/\/resetari.hr\/v2\/wp-json\/wp\/v2\/users\/1"}],"replies":[{"embeddable":true,"href":"https:\/\/resetari.hr\/v2\/wp-json\/wp\/v2\/comments?post=3602"}],"version-history":[{"count":0,"href":"https:\/\/resetari.hr\/v2\/wp-json\/wp\/v2\/posts\/3602\/revisions"}],"wp:featuredmedia":[{"embeddable":true,"href":"https:\/\/resetari.hr\/v2\/wp-json\/wp\/v2\/media\/3601"}],"wp:attachment":[{"href":"https:\/\/resetari.hr\/v2\/wp-json\/wp\/v2\/media?parent=3602"}],"wp:term":[{"taxonomy":"category","embeddable":true,"href":"https:\/\/resetari.hr\/v2\/wp-json\/wp\/v2\/categories?post=3602"},{"taxonomy":"post_tag","embeddable":true,"href":"https:\/\/resetari.hr\/v2\/wp-json\/wp\/v2\/tags?post=3602"}],"curies":[{"name":"wp","href":"https:\/\/api.w.org\/{rel}","templated":true}]}}