{"id":3589,"date":"2019-09-10T08:58:44","date_gmt":"2019-09-10T08:58:44","guid":{"rendered":"https:\/\/resetari.hr\/v2\/2019\/09\/10\/poziv-za-predlaganje-programa-javnih-potreba-u-kulturi-rh-za-2020-godinu\/"},"modified":"2019-09-10T08:58:44","modified_gmt":"2019-09-10T08:58:44","slug":"poziv-za-predlaganje-programa-javnih-potreba-u-kulturi-rh-za-2020-godinu","status":"publish","type":"post","link":"https:\/\/resetari.hr\/v2\/poziv-za-predlaganje-programa-javnih-potreba-u-kulturi-rh-za-2020-godinu\/","title":{"rendered":"Poziv za predlaganje programa javnih potreba u kulturi RH za 2020. godinu"},"content":{"rendered":"<p style=\"text-align: justify;\"><img fetchpriority=\"high\" decoding=\"async\" class=\" alignleft size-full wp-image-3588\" style=\"margin: 5px; border: 1px solid #000000; float: left;\" src=\"https:\/\/resetari.hr\/v2\/wp-content\/uploads\/2019\/09\/744e51_734cf723b9d349e2a9640dfef9581ccd_mv2.jpg\" alt=\"744e51 734cf723b9d349e2a9640dfef9581ccd mv2\" width=\"400\" height=\"300\" srcset=\"https:\/\/resetari.hr\/v2\/wp-content\/uploads\/2019\/09\/744e51_734cf723b9d349e2a9640dfef9581ccd_mv2.jpg 630w, https:\/\/resetari.hr\/v2\/wp-content\/uploads\/2019\/09\/744e51_734cf723b9d349e2a9640dfef9581ccd_mv2-300x225.jpg 300w\" sizes=\"(max-width: 400px) 100vw, 400px\" \/>Ministarstvo kulture Republike Hrvatske objavilo je poziv za predlaganje programa javnih potreba u kulturi Republike Hrvatske za 2020. godinu. Prijave se podnose u razdoblju od 4. rujna do 4. listopada.<\/p>\n<p style=\"text-align: justify;\">U Program javnih potreba, u skladu sa Zakonom o financiranju javnih potreba u kulturi, Pravilnikom o izboru i utvr\u0111ivanju programa javnih potreba u kulturi te ocjenom izvr\u0161enja dosada\u0161njih ugovornih obveza korisnika prema Ministarstvu kulture, uvrstit \u0107e se programi:<br \/>&#8211; redovne djelatnosti udruga u kulturi<br \/>&#8211; dramske i plesne umjetnosti te izvedbenih umjetnosti<br \/>&#8211; glazbe i glazbeno-scenske umjetnosti<br \/>&#8211; kulturno-umjetni\u010dkog amaterizma (glazbenog i folklornog)<br \/>&#8211; vizualnih umjetnosti<br \/>&#8211; inovativnih umjetni\u010dkih i kulturnih praksi<\/p>\n<p><!--more--><\/p>\n<p style=\"text-align: justify;\">&#8211; monografija iz podru\u010dja kulture i umjetnosti<br \/>&#8211; knji\u017eni\u010dne djelatnosti<br \/>&#8211; potpore izdavanju knjiga<br \/>&#8211; izdavanja \u010dasopisa i elektroni\u010dkih publikacija<br \/>&#8211; knji\u017eevnih manifestacija i nastupa na sajmovima knjiga<br \/>&#8211; knji\u017eevnih programa u knji\u017earama<br \/>&#8211; muzejske djelatnosti<br \/>&#8211; za\u0161tite i o\u010duvanja kopnene arheolo\u0161ke ba\u0161tine<br \/>&#8211; za\u0161tite i o\u010duvanja podvodne arheolo\u0161ke ba\u0161tine<br \/>&#8211; za\u0161tite i o\u010duvanja nepokretnih kulturnih dobara<br \/>&#8211; za\u0161tite i o\u010duvanja pokretnih kulturnih dobara<br \/>&#8211; za\u0161tite i o\u010duvanja nematerijalnih kulturnih dobara<br \/>&#8211; digitalizacije kulturne ba\u0161tine<br \/>&#8211; me\u0111unarodne kulturne suradnje<br \/>&#8211; izgradnje, rekonstrukcije, adaptacije i opremanja kulturne infrastrukture.<\/p>\n<p><a href=\"https:\/\/www.min-kulture.hr\/default.aspx?id=23456\" target=\"_blank\" rel=\"noopener\">Op\u0161irnije&#8230;<\/a><\/p>\n","protected":false},"excerpt":{"rendered":"<p>Ministarstvo kulture Republike Hrvatske objavilo je poziv za predlaganje programa javnih potreba u kulturi Republike Hrvatske za 2020. godinu. Prijave se podnose u razdoblju od 4. rujna do 4. listopada. U Program javnih potreba, u skladu sa Zakonom o financiranju javnih potreba u kulturi, Pravilnikom o izboru i utvr\u0111ivanju programa javnih potreba u kulturi te [&hellip;]<\/p>\n","protected":false},"author":1,"featured_media":3588,"comment_status":"open","ping_status":"open","sticky":false,"template":"","format":"standard","meta":{"footnotes":""},"categories":[2],"tags":[],"class_list":["post-3589","post","type-post","status-publish","format-standard","has-post-thumbnail","hentry","category-uncategorised"],"_links":{"self":[{"href":"https:\/\/resetari.hr\/v2\/wp-json\/wp\/v2\/posts\/3589","targetHints":{"allow":["GET"]}}],"collection":[{"href":"https:\/\/resetari.hr\/v2\/wp-json\/wp\/v2\/posts"}],"about":[{"href":"https:\/\/resetari.hr\/v2\/wp-json\/wp\/v2\/types\/post"}],"author":[{"embeddable":true,"href":"https:\/\/resetari.hr\/v2\/wp-json\/wp\/v2\/users\/1"}],"replies":[{"embeddable":true,"href":"https:\/\/resetari.hr\/v2\/wp-json\/wp\/v2\/comments?post=3589"}],"version-history":[{"count":0,"href":"https:\/\/resetari.hr\/v2\/wp-json\/wp\/v2\/posts\/3589\/revisions"}],"wp:featuredmedia":[{"embeddable":true,"href":"https:\/\/resetari.hr\/v2\/wp-json\/wp\/v2\/media\/3588"}],"wp:attachment":[{"href":"https:\/\/resetari.hr\/v2\/wp-json\/wp\/v2\/media?parent=3589"}],"wp:term":[{"taxonomy":"category","embeddable":true,"href":"https:\/\/resetari.hr\/v2\/wp-json\/wp\/v2\/categories?post=3589"},{"taxonomy":"post_tag","embeddable":true,"href":"https:\/\/resetari.hr\/v2\/wp-json\/wp\/v2\/tags?post=3589"}],"curies":[{"name":"wp","href":"https:\/\/api.w.org\/{rel}","templated":true}]}}