{"id":3575,"date":"2019-08-28T08:02:13","date_gmt":"2019-08-28T08:02:13","guid":{"rendered":"https:\/\/resetari.hr\/v2\/2019\/08\/28\/opcina-resetari-ce-uskoro-dobiti-reciklazno-dvoriste\/"},"modified":"2019-08-28T08:02:13","modified_gmt":"2019-08-28T08:02:13","slug":"opcina-resetari-ce-uskoro-dobiti-reciklazno-dvoriste","status":"publish","type":"post","link":"https:\/\/resetari.hr\/v2\/opcina-resetari-ce-uskoro-dobiti-reciklazno-dvoriste\/","title":{"rendered":"Op\u0107ina Re\u0161etari \u0107e uskoro dobiti recikla\u017eno dvori\u0161te"},"content":{"rendered":"<p style=\"text-align: justify;\"><img fetchpriority=\"high\" decoding=\"async\" class=\" alignleft size-full wp-image-3574\" style=\"margin: 5px; float: left;\" src=\"https:\/\/resetari.hr\/v2\/wp-content\/uploads\/2019\/08\/IMG_8768.jpg\" alt=\"IMG 8768\" width=\"400\" height=\"267\" srcset=\"https:\/\/resetari.hr\/v2\/wp-content\/uploads\/2019\/08\/IMG_8768.jpg 1024w, https:\/\/resetari.hr\/v2\/wp-content\/uploads\/2019\/08\/IMG_8768-300x200.jpg 300w, https:\/\/resetari.hr\/v2\/wp-content\/uploads\/2019\/08\/IMG_8768-768x512.jpg 768w\" sizes=\"(max-width: 400px) 100vw, 400px\" \/>U prostorijama Op\u0107ine Re\u0161etari ju\u010der je uprili\u010deno potpisivanje ugovora s izvo\u0111a\u010dima radova i predstavljen projekt \u201eIzgradnja i opremanje recikla\u017enog dvori\u0161ta na podru\u010dju op\u0107ine Re\u0161etari&#8221;.<\/p>\n<p style=\"text-align: justify;\">Projekt je financiran iz Kohezijskog fonda putem Ministarstva za\u0161tite okoli\u0161a i energetike.Ukupna vrijednost projekta iznosi 5.174.904,38 kuna, a ukupni prihvatljivi tro\u0161kovi odre\u0111uju se na 4.837.258,75 kuna.Korisnik projekta je Op\u0107ina Re\u0161etari, a razdoblje provedbe projekta je od 19. o\u017eujka 2019. do 19. o\u017eujka 2020. godine.<\/p>\n<p style=\"text-align: justify;\">Izvo\u0111a\u010d radova je \u201ePromet gra\u0111enje&#8221; d.o.o. Po\u017eega, a nadzor radova \u0107e obavljati tvrtka \u201eIngri&#8221; d.o.o., Ru\u0161\u010dica. Izgradnja recikla\u017enog dvori\u0161ta na podru\u010dju Op\u0107ine Re\u0161etari doprinosi pove\u0107anju stope odvojeno skupljenog komunalnog otpada i smanjenju koli\u010dine otpada koji se odla\u017ee na odlagali\u0161te, te doprinosi smanjenju koli\u010dina CO2 i \u010duvanju prirodnih resursa zbog mogu\u0107nosti recikliranja.<\/p>\n<p style=\"text-align: justify;\">Kroz edukaciju stanovni\u0161tva osigurava se prevencija nastanka otpada, pravilno odvajanje otpada koje se mo\u017ee reciklirati i ponovna uporaba korisnih sirovina iz otpada.<\/p>\n<p style=\"text-align: justify;\">\u2013 Cjelokupno stanovni\u0161tvo koje gravitira prema Op\u0107ini Re\u0161etari, imat \u0107e direktnu korist od izgradnje i opremanja recikla\u017enog dvori\u0161ta jer je isto osnovni preduvjet za pobolj\u0161anje sustava odvojenog prikupljanja otpada &#8220;od vrata do vrata&#8221;, \u0161to \u0107e u kona\u010dnici dovesti do toga da ku\u0107anstva imaju manje mjese\u010dne ra\u010dune za odvoz otpada. Stanovni\u0161tvo \u0107e imati korist od projekta i na na\u010din da \u0107e imati ure\u0111eno mjesto na kojem \u0107e mo\u0107i odlo\u017eiti problemati\u010dni otpad umjesto da ga odbacuje s komunalnim otpadom ili u prirodu. Pokretanjem recikla\u017enog dvori\u0161ta otvorit \u0107e se jedno novo radno mjesto za osobu iz evidencije nezaposlenih Hrvatskog zavoda za zapo\u0161ljavanje \u2013 istaknuo je, predstavljaju\u0107i projekt, na\u010delnik Op\u0107ine Re\u0161etari Zlatko Aga.<\/p>\n<p><!--more--><\/p>\n<p style=\"text-align: justify;\">&nbsp;<\/p>\n<p style=\"text-align: justify;\">Ugovore o izgradnji i opremanju recikla\u017enog dvori\u0161ta na podru\u010dju op\u0107ine Re\u0161etari potpisali su na\u010delnik Zlatko Aga te predstavnici izvo\u0111a\u010da i nadzora radova, Anka \u0160utalo u ime tvrtke \u201ePromet gra\u0111enje&#8221; d.o.o. Po\u017eega i predstavnik tvrtke \u201eIngri&#8221; d.o.o. iz Ru\u0161\u010dice Ante Duki\u0107. O zna\u010daju projekta u ime konzultantske tvrtke &#8220;Sintagma&#8221; te njegovim u\u010dincima nazo\u010dne je upoznala Gorana Timarac. <em>Tekst: Sanja Bukvi\u0107 \/ www.radiong.hr<\/em><\/p>\n<p style=\"text-align: justify;\">{gallery}fotografije\/uvodna-konferencija-reciklazno{\/gallery}<\/p>\n<p style=\"text-align: justify;\">&nbsp;<\/p>\n<p style=\"text-align: justify;\">&nbsp;<\/p>\n","protected":false},"excerpt":{"rendered":"<p>U prostorijama Op\u0107ine Re\u0161etari ju\u010der je uprili\u010deno potpisivanje ugovora s izvo\u0111a\u010dima radova i predstavljen projekt \u201eIzgradnja i opremanje recikla\u017enog dvori\u0161ta na podru\u010dju op\u0107ine Re\u0161etari&#8221;. Projekt je financiran iz Kohezijskog fonda putem Ministarstva za\u0161tite okoli\u0161a i energetike.Ukupna vrijednost projekta iznosi 5.174.904,38 kuna, a ukupni prihvatljivi tro\u0161kovi odre\u0111uju se na 4.837.258,75 kuna.Korisnik projekta je Op\u0107ina Re\u0161etari, a [&hellip;]<\/p>\n","protected":false},"author":1,"featured_media":3574,"comment_status":"open","ping_status":"open","sticky":false,"template":"","format":"standard","meta":{"footnotes":""},"categories":[2],"tags":[],"class_list":["post-3575","post","type-post","status-publish","format-standard","has-post-thumbnail","hentry","category-uncategorised"],"_links":{"self":[{"href":"https:\/\/resetari.hr\/v2\/wp-json\/wp\/v2\/posts\/3575","targetHints":{"allow":["GET"]}}],"collection":[{"href":"https:\/\/resetari.hr\/v2\/wp-json\/wp\/v2\/posts"}],"about":[{"href":"https:\/\/resetari.hr\/v2\/wp-json\/wp\/v2\/types\/post"}],"author":[{"embeddable":true,"href":"https:\/\/resetari.hr\/v2\/wp-json\/wp\/v2\/users\/1"}],"replies":[{"embeddable":true,"href":"https:\/\/resetari.hr\/v2\/wp-json\/wp\/v2\/comments?post=3575"}],"version-history":[{"count":0,"href":"https:\/\/resetari.hr\/v2\/wp-json\/wp\/v2\/posts\/3575\/revisions"}],"wp:featuredmedia":[{"embeddable":true,"href":"https:\/\/resetari.hr\/v2\/wp-json\/wp\/v2\/media\/3574"}],"wp:attachment":[{"href":"https:\/\/resetari.hr\/v2\/wp-json\/wp\/v2\/media?parent=3575"}],"wp:term":[{"taxonomy":"category","embeddable":true,"href":"https:\/\/resetari.hr\/v2\/wp-json\/wp\/v2\/categories?post=3575"},{"taxonomy":"post_tag","embeddable":true,"href":"https:\/\/resetari.hr\/v2\/wp-json\/wp\/v2\/tags?post=3575"}],"curies":[{"name":"wp","href":"https:\/\/api.w.org\/{rel}","templated":true}]}}