{"id":3535,"date":"2019-07-23T10:38:16","date_gmt":"2019-07-23T10:38:16","guid":{"rendered":"https:\/\/resetari.hr\/v2\/2019\/07\/23\/jasminka-kolic-izabrana-za-novu-ravnateljicu-vrtica-u-resetarima\/"},"modified":"2019-07-23T10:38:16","modified_gmt":"2019-07-23T10:38:16","slug":"jasminka-kolic-izabrana-za-novu-ravnateljicu-vrtica-u-resetarima","status":"publish","type":"post","link":"https:\/\/resetari.hr\/v2\/jasminka-kolic-izabrana-za-novu-ravnateljicu-vrtica-u-resetarima\/","title":{"rendered":"Jasminka Koli\u0107 izabrana za novu ravnateljicu vrti\u0107a  u Re\u0161etarima"},"content":{"rendered":"<p style=\"text-align: justify;\"><img fetchpriority=\"high\" decoding=\"async\" class=\" alignleft size-full wp-image-775\" style=\"margin: 5px; float: left;\" src=\"https:\/\/resetari.hr\/v2\/wp-content\/uploads\/2015\/01\/vrtic.jpg\" alt=\"vrtic\" width=\"400\" height=\"212\" \/><br \/>Op\u0107insko vije\u0107e Op\u0107ine Re\u0161etari na 15 sjednici 22. srpnja 2019. godine potvrdilo je imenovanje Jasminke Koli\u0107 za novu ravnateljicu op\u0107inskog dje\u010djeg vrti\u0107a \u201e\u010carobni svijet&#8221; u Re\u0161etarima, jednoglasno.<\/p>\n<p>Razlog novog izbora ravnatelja dje\u010djeg vrti\u0107a je iz razloga osobnog tra\u017eenja dosada\u0161nje ravnateljice gospo\u0111e Irene Savi\u0107 za sporazumni raskid ugovora o radu zbog odlaska i daljnjeg \u017eivljenja u Njema\u010dkoj.<\/p>\n<p>Na natje\u010daj su se ina\u010de javile dvije kandidatkinje od koje je gospo\u0111a Koli\u0107 jedina ispunjavala uvjete za ravnatelja.<\/p>\n<p>Na\u010delnik Op\u0107ine Zlatko Aga zahvalio je dosada\u0161njoj ravnateljici vrti\u0107a Ireni Savi\u0107 na uspje\u0161nom radu i suradnji, te za\u017eelio uspjeh u daljnjem \u017eivotu, a gospo\u0111i Jasminki Koli\u0107 po\u017eelio svu sre\u0107u u radu, a posebno u gradnji novog vrti\u0107a u Re\u0161etarima, kao i skorom otvaranju ure\u0111enog prostora za potrebe vrti\u0107a i pred\u0161kole u Ad\u017eamovcima.<\/p>\n","protected":false},"excerpt":{"rendered":"<p>Op\u0107insko vije\u0107e Op\u0107ine Re\u0161etari na 15 sjednici 22. srpnja 2019. godine potvrdilo je imenovanje Jasminke Koli\u0107 za novu ravnateljicu op\u0107inskog dje\u010djeg vrti\u0107a \u201e\u010carobni svijet&#8221; u Re\u0161etarima, jednoglasno. Razlog novog izbora ravnatelja dje\u010djeg vrti\u0107a je iz razloga osobnog tra\u017eenja dosada\u0161nje ravnateljice gospo\u0111e Irene Savi\u0107 za sporazumni raskid ugovora o radu zbog odlaska i daljnjeg \u017eivljenja u [&hellip;]<\/p>\n","protected":false},"author":1,"featured_media":775,"comment_status":"open","ping_status":"open","sticky":false,"template":"","format":"standard","meta":{"footnotes":""},"categories":[2],"tags":[],"class_list":["post-3535","post","type-post","status-publish","format-standard","has-post-thumbnail","hentry","category-uncategorised"],"_links":{"self":[{"href":"https:\/\/resetari.hr\/v2\/wp-json\/wp\/v2\/posts\/3535","targetHints":{"allow":["GET"]}}],"collection":[{"href":"https:\/\/resetari.hr\/v2\/wp-json\/wp\/v2\/posts"}],"about":[{"href":"https:\/\/resetari.hr\/v2\/wp-json\/wp\/v2\/types\/post"}],"author":[{"embeddable":true,"href":"https:\/\/resetari.hr\/v2\/wp-json\/wp\/v2\/users\/1"}],"replies":[{"embeddable":true,"href":"https:\/\/resetari.hr\/v2\/wp-json\/wp\/v2\/comments?post=3535"}],"version-history":[{"count":0,"href":"https:\/\/resetari.hr\/v2\/wp-json\/wp\/v2\/posts\/3535\/revisions"}],"wp:featuredmedia":[{"embeddable":true,"href":"https:\/\/resetari.hr\/v2\/wp-json\/wp\/v2\/media\/775"}],"wp:attachment":[{"href":"https:\/\/resetari.hr\/v2\/wp-json\/wp\/v2\/media?parent=3535"}],"wp:term":[{"taxonomy":"category","embeddable":true,"href":"https:\/\/resetari.hr\/v2\/wp-json\/wp\/v2\/categories?post=3535"},{"taxonomy":"post_tag","embeddable":true,"href":"https:\/\/resetari.hr\/v2\/wp-json\/wp\/v2\/tags?post=3535"}],"curies":[{"name":"wp","href":"https:\/\/api.w.org\/{rel}","templated":true}]}}