{"id":3450,"date":"2019-05-29T12:12:18","date_gmt":"2019-05-29T12:12:18","guid":{"rendered":"https:\/\/resetari.hr\/v2\/2019\/05\/29\/os-ante-starcevica-resetari-obiljezili-dan-skole-prijateljstvo-i-suradnju-sa-os-goce-delcev-iz-ilendena-iz-s-makedonije\/"},"modified":"2019-05-29T12:12:18","modified_gmt":"2019-05-29T12:12:18","slug":"os-ante-starcevica-resetari-obiljezili-dan-skole-prijateljstvo-i-suradnju-sa-os-goce-delcev-iz-ilendena-iz-s-makedonije","status":"publish","type":"post","link":"https:\/\/resetari.hr\/v2\/os-ante-starcevica-resetari-obiljezili-dan-skole-prijateljstvo-i-suradnju-sa-os-goce-delcev-iz-ilendena-iz-s-makedonije\/","title":{"rendered":"O\u0160 \u201eANTE STAR\u010cEVI\u0106A\u201c RE\u0160ETARI: Obilje\u017eili Dan \u0161kole, prijateljstvo i suradnju sa O\u0160 \u201eGoce Del\u010dev\u201c iz Ilendena iz S. Makedonije"},"content":{"rendered":"<p style=\"text-align: justify;\"><img fetchpriority=\"high\" decoding=\"async\" class=\" alignleft size-full wp-image-3449\" style=\"margin: 5px; float: left;\" src=\"https:\/\/resetari.hr\/v2\/wp-content\/uploads\/2019\/05\/dan-skole-2019.jpg\" alt=\"dan-skole-2019\" width=\"400\" height=\"267\" srcset=\"https:\/\/resetari.hr\/v2\/wp-content\/uploads\/2019\/05\/dan-skole-2019.jpg 1024w, https:\/\/resetari.hr\/v2\/wp-content\/uploads\/2019\/05\/dan-skole-2019-300x200.jpg 300w, https:\/\/resetari.hr\/v2\/wp-content\/uploads\/2019\/05\/dan-skole-2019-768x512.jpg 768w\" sizes=\"(max-width: 400px) 100vw, 400px\" \/><strong>Ponosni smo na sve ono \u0161to na\u0161a lokalna zajednica daje za nas. Zahvaljuju\u0107i Brodsko-posavskoj \u017eupaniji obavljena je energetska obnova \u0161kole vrijedna 2,5 milijuna kuna, a \u017dupanija i Op\u0107ina Re\u0161etari ove godine projektiraju dogradnju \u0161kole \u0161to \u0107e nam omogu\u0107iti prelazak na jednosmjenski rad \u2013 ka\u017ee Tihomir Batalo.<\/strong><\/p>\n<p>RE\u0160ETARI, 26. svibnja 2019. \u2013 U\u010denici i u\u010ditelji Osnovne \u0161kole \u201eAnte Star\u010devi\u0107\u201e obilje\u017eili su 24. svibnja Dan \u0161kole i prezentirali projekt \u201eMost prijateljstva&#8221; koji provode suradnju sa prijateljskom O\u0160 \u201eGoce Del\u010dev&#8221; iz Ilendena u Sjevernoj Makedoniji.<\/p>\n<p>Priredili su sve\u010danu akademiju u \u0161kolsko-sportskoj dvorani s bogatim kulturno-umjetni\u010dkim programom za brojne uzvanike i goste u kome su sudjelovali i u\u010denici iz Sjeverne Makedonije. Dvoranu su napunili roditelji, umirovljeni djelatnici \u0161kole, predstavnici udruga i dru\u0161tava, op\u0107inski na\u010delnik Zlatko Aga i predsjednica Op\u0107inskog vije\u0107a Milka Perkovi\u0107, te ravnatelji osnovnih \u0161kola novogradi\u0161kog kraja.<\/p>\n<p>-Obilje\u017eavaju\u0107i Dan \u0161kole i 189 godina \u0161kolstva u Re\u0161etarima, \u017eelimo prikazati sa\u017eetak svega \u0161to smo radili u proteklom periodu. Imamo razloga za sre\u0107u i ponos. Puno se toga napravilo i realiziralo, a posebno smo ponosni na projekt&#8221; Most prijateljstva \u201eIlinden-Re\u0161etari&#8221; \u2013 kazao je ravnatelj Tihomir Batalo, pozdravljaju\u0107i na\u010delnika Zlatka Agu koji je 2012.godine sa \u017dikom Stojanovskim, na\u010delnikom op\u0107ine Ilinden potpisao sporazum \u201eMost prijateljstva Ilinden-Re\u0161etari&#8221; .<\/p>\n<p><!--more--><\/p>\n<p style=\"text-align: justify;\">Zahvalio se timovima dvaju \u0161kola koji su odradili veliki posao u pripremi i realizaciji projekta&#8221; \u201eProlje\u0107e i obi\u010daji&#8221;. Posebno je pozdravio pjesnikinju Ljerku Toth Naumov koja je povezala dvije op\u0107ine i koja ve\u0107 15 godina dolazi u Re\u0161etare na pjesni\u010dke susrete.<\/p>\n<p>Na\u010delnik Zlatko Aga izrazio je zadovoljstvo \u0161to je prijateljstvo dvaju op\u0107ina prenijeto i na prijateljstvo dvaju \u0161kola. Nazo\u010dne je pozdravila i Du\u0161anka Krstevska, ravnateljica O\u0160 \u201eGoce Del\u010dev&#8221; i zahvalila se doma\u0107inima na gostoprimstvu i partnerstvu.<\/p>\n<p style=\"text-align: justify;\">U povodu Dana \u0161kole dodijeljene su plakete i priznanja. Za postignu\u0107a i najvrednije rezultate u \u0161koli, te za suradnju osnovnih \u0161kola \u201eAnte Star\u010devi\u0107\u201e i \u201eGoce Del\u010dev&#8221; iz Ilendena. Plakete \u201eMost prijateljstva&#8221; su dobili Zlatko Aga i Op\u0107ina Re\u0161etari, Du\u0161anka Krstevski, Ljerka Toth Naumova i Sla\u0111ana Ninkovi\u0107, Brodsko-posavska \u017eupanija, \u017deljka Gospo\u010di\u0107, Dragana Gori\u010dki, Bla\u017eenka Logo\u017ear i Tihomir Batalo. Pakete za doprinos razvoju \u0161kolstva u Re\u0161etarima dobili su Brodsko-posavska \u017eupanija, \u017eupan Daniel Maru\u0161i\u0107i njegov zamjenik Damir Mirkovi\u0107, te Anica Vuka\u0161inovi\u0107, pro\u010delnica \u017eupanijskog Upravnog odjela za obrazovanje, \u0161port i kulturu.<\/p>\n<p style=\"text-align: justify;\">Priznanje za odli\u010dan uspjeh dobio je u\u010denik Matej Bartolovi\u0107.<br \/>Ravnatelj Tihomir Batalo ponosan je na suradnju sa O\u0160 \u201eGoce Del\u010dev&#8221; iz Ilendena, jer se, kako je istaknuo, uz podr\u0161ku Op\u0107ine Re\u0161etari, Osnovna \u0161kola \u201eAnte Star\u010devi\u0107\u201e, njeni u\u010denici, u\u010ditelji i osoblje, prezentiraju na me\u0111unarodnoj razini.<br \/>-Ovo je tre\u0107i me\u0111unarodni projekt koji provodimo uz sve redovne aktivnosti u \u0161koli. I ubudu\u0107e \u0107emo u\u010diniti sve da budemo dobri doma\u0107ini na\u0161oj prijateljskoj \u0161koli, O\u0160 Goce Del\u010dev iz Ilindena i nastavimo suradnju koja je utemeljena na prijateljskim odnosima op\u0107ina Re\u0161etari i Ilinden. Na nama je bilo da to prepoznamo, da damo dio sebe i dobre odnose obogatimo i prenesemo na u\u010denike na\u0161ih \u0161kola, da vide razli\u010ditosti, ali i da imamo mnoge sli\u010dnosti \u0161to nas \u010dini bogatijim ljudima. I ovim projektom dokazujemo da se ulaganja isplate i zato se zahvaljujem projektnom timu koji se sastojao od po 10 \u010dlanova iz Re\u0161etara i Ilinmdena, a sve\u010dana akademija je prigoda da poka\u017eemo \u0161to smo zajedni\u010dki radili u ovoj godini.<\/p>\n<p>Ponosni smo na sve ono \u0161to na\u0161a lokalna zajednica daje za nas. Zahvaljuju\u0107i Brodsko-posavskoj \u017eupaniji obavljena je energetska obnova \u0161kole vrijedna 2,5 milijuna kuna, a \u017dupanija i Op\u0107ina Re\u0161etari ove godine projektiraju dogradnju \u0161kole \u0161to \u0107e nam omogu\u0107iti prelazak na jednosmjenski rad \u2013 ka\u017ee Tihomir Batalo. <em>Autor: Franjo Samard\u017ei\u0107, Foto: Cajtung<\/em><\/p>\n<p style=\"text-align: justify;\"><a href=\"http:\/\/www.novagra.hr\/os-ante-starcevica-resetari-obiljezili-dan-skole-prijateljstvo-i-suradnju-sa-os-goce-delcev-iz-ilendena-iz-s-makedonije\/\" target=\"_blank\" rel=\"noopener\"><em>FOTOGRAFIJE&#8230;<\/em><\/a><\/p>\n","protected":false},"excerpt":{"rendered":"<p>Ponosni smo na sve ono \u0161to na\u0161a lokalna zajednica daje za nas. Zahvaljuju\u0107i Brodsko-posavskoj \u017eupaniji obavljena je energetska obnova \u0161kole vrijedna 2,5 milijuna kuna, a \u017dupanija i Op\u0107ina Re\u0161etari ove godine projektiraju dogradnju \u0161kole \u0161to \u0107e nam omogu\u0107iti prelazak na jednosmjenski rad \u2013 ka\u017ee Tihomir Batalo. RE\u0160ETARI, 26. svibnja 2019. \u2013 U\u010denici i u\u010ditelji Osnovne [&hellip;]<\/p>\n","protected":false},"author":1,"featured_media":3449,"comment_status":"open","ping_status":"open","sticky":false,"template":"","format":"standard","meta":{"footnotes":""},"categories":[2],"tags":[],"class_list":["post-3450","post","type-post","status-publish","format-standard","has-post-thumbnail","hentry","category-uncategorised"],"_links":{"self":[{"href":"https:\/\/resetari.hr\/v2\/wp-json\/wp\/v2\/posts\/3450","targetHints":{"allow":["GET"]}}],"collection":[{"href":"https:\/\/resetari.hr\/v2\/wp-json\/wp\/v2\/posts"}],"about":[{"href":"https:\/\/resetari.hr\/v2\/wp-json\/wp\/v2\/types\/post"}],"author":[{"embeddable":true,"href":"https:\/\/resetari.hr\/v2\/wp-json\/wp\/v2\/users\/1"}],"replies":[{"embeddable":true,"href":"https:\/\/resetari.hr\/v2\/wp-json\/wp\/v2\/comments?post=3450"}],"version-history":[{"count":0,"href":"https:\/\/resetari.hr\/v2\/wp-json\/wp\/v2\/posts\/3450\/revisions"}],"wp:featuredmedia":[{"embeddable":true,"href":"https:\/\/resetari.hr\/v2\/wp-json\/wp\/v2\/media\/3449"}],"wp:attachment":[{"href":"https:\/\/resetari.hr\/v2\/wp-json\/wp\/v2\/media?parent=3450"}],"wp:term":[{"taxonomy":"category","embeddable":true,"href":"https:\/\/resetari.hr\/v2\/wp-json\/wp\/v2\/categories?post=3450"},{"taxonomy":"post_tag","embeddable":true,"href":"https:\/\/resetari.hr\/v2\/wp-json\/wp\/v2\/tags?post=3450"}],"curies":[{"name":"wp","href":"https:\/\/api.w.org\/{rel}","templated":true}]}}