{"id":3261,"date":"2019-01-24T13:56:45","date_gmt":"2019-01-24T13:56:45","guid":{"rendered":"https:\/\/resetari.hr\/v2\/2019\/01\/24\/projektni-prijedlog-izgradnja-i-opremanje-reciklaznog-dvorista-na-podrucju-opcine-resetari-ulazi-u-postupak-dodjele-bespovratnih-sredstava\/"},"modified":"2019-01-24T13:56:45","modified_gmt":"2019-01-24T13:56:45","slug":"projektni-prijedlog-izgradnja-i-opremanje-reciklaznog-dvorista-na-podrucju-opcine-resetari-ulazi-u-postupak-dodjele-bespovratnih-sredstava","status":"publish","type":"post","link":"https:\/\/resetari.hr\/v2\/projektni-prijedlog-izgradnja-i-opremanje-reciklaznog-dvorista-na-podrucju-opcine-resetari-ulazi-u-postupak-dodjele-bespovratnih-sredstava\/","title":{"rendered":"PROJEKTNI PRIJEDLOG \u201eIZGRADNJA I OPREMANJE RECIKLA\u017dNOG DVORI\u0160TA NA PODRU\u010cJU OP\u0106INE RE\u0160ETARI\u201c ULAZI U POSTUPAK DODJELE BESPOVRATNIH SREDSTAVA"},"content":{"rendered":"<p style=\"text-align: justify;\"><img fetchpriority=\"high\" decoding=\"async\" class=\" alignleft size-full wp-image-3259\" style=\"margin: 5px; float: left;\" src=\"https:\/\/resetari.hr\/v2\/wp-content\/uploads\/2019\/01\/recikl.jpg\" alt=\"recikl\" width=\"400\" height=\"267\" srcset=\"https:\/\/resetari.hr\/v2\/wp-content\/uploads\/2019\/01\/recikl.jpg 1200w, https:\/\/resetari.hr\/v2\/wp-content\/uploads\/2019\/01\/recikl-300x200.jpg 300w, https:\/\/resetari.hr\/v2\/wp-content\/uploads\/2019\/01\/recikl-1024x683.jpg 1024w, https:\/\/resetari.hr\/v2\/wp-content\/uploads\/2019\/01\/recikl-768x512.jpg 768w\" sizes=\"(max-width: 400px) 100vw, 400px\" \/>Dana 24. sije\u010dnja 2019. godine Op\u0107ina Re\u0161etari zaprimila je obavijest Ministarstva za\u0161tite okoli\u0161a i energetske u\u010dinkovitosti da je projektni prijedlog \u201eIzgradnja i opremanje recikla\u017enog dvori\u0161ta na podru\u010dju Op\u0107ine Re\u0161etari&#8221; pozitivno ocijenjen nakon provedene Faze 2 \u2013 provjera prihvatljivosti projekta i aktivnosti, te ocjena kvalitete.<\/p>\n<p>Op\u0107ina Re\u0161etari s projektnim prijedlogom ulazi u Fazu 3 postupka dodjele bespovratnih sredstava koju provodi Fond za za\u0161titu okoli\u0161a i energetsku u\u010dinkovitost.<\/p>\n<p><a href=\"https:\/\/resetari.hr\/v2\/wp-content\/uploads\/2019\/01\/Obavijest_o_rezultatima_faze_2_-Resetari-2.pdf\" target=\"_blank\" rel=\"noopener\">OBAVIJEST O REZULTATIMA<\/a><\/p>\n","protected":false},"excerpt":{"rendered":"<p>Dana 24. sije\u010dnja 2019. godine Op\u0107ina Re\u0161etari zaprimila je obavijest Ministarstva za\u0161tite okoli\u0161a i energetske u\u010dinkovitosti da je projektni prijedlog \u201eIzgradnja i opremanje recikla\u017enog dvori\u0161ta na podru\u010dju Op\u0107ine Re\u0161etari&#8221; pozitivno ocijenjen nakon provedene Faze 2 \u2013 provjera prihvatljivosti projekta i aktivnosti, te ocjena kvalitete. Op\u0107ina Re\u0161etari s projektnim prijedlogom ulazi u Fazu 3 postupka dodjele [&hellip;]<\/p>\n","protected":false},"author":1,"featured_media":3259,"comment_status":"open","ping_status":"open","sticky":false,"template":"","format":"standard","meta":{"footnotes":""},"categories":[2],"tags":[],"class_list":["post-3261","post","type-post","status-publish","format-standard","has-post-thumbnail","hentry","category-uncategorised"],"_links":{"self":[{"href":"https:\/\/resetari.hr\/v2\/wp-json\/wp\/v2\/posts\/3261","targetHints":{"allow":["GET"]}}],"collection":[{"href":"https:\/\/resetari.hr\/v2\/wp-json\/wp\/v2\/posts"}],"about":[{"href":"https:\/\/resetari.hr\/v2\/wp-json\/wp\/v2\/types\/post"}],"author":[{"embeddable":true,"href":"https:\/\/resetari.hr\/v2\/wp-json\/wp\/v2\/users\/1"}],"replies":[{"embeddable":true,"href":"https:\/\/resetari.hr\/v2\/wp-json\/wp\/v2\/comments?post=3261"}],"version-history":[{"count":0,"href":"https:\/\/resetari.hr\/v2\/wp-json\/wp\/v2\/posts\/3261\/revisions"}],"wp:featuredmedia":[{"embeddable":true,"href":"https:\/\/resetari.hr\/v2\/wp-json\/wp\/v2\/media\/3259"}],"wp:attachment":[{"href":"https:\/\/resetari.hr\/v2\/wp-json\/wp\/v2\/media?parent=3261"}],"wp:term":[{"taxonomy":"category","embeddable":true,"href":"https:\/\/resetari.hr\/v2\/wp-json\/wp\/v2\/categories?post=3261"},{"taxonomy":"post_tag","embeddable":true,"href":"https:\/\/resetari.hr\/v2\/wp-json\/wp\/v2\/tags?post=3261"}],"curies":[{"name":"wp","href":"https:\/\/api.w.org\/{rel}","templated":true}]}}