{"id":3245,"date":"2019-01-14T10:32:34","date_gmt":"2019-01-14T10:32:34","guid":{"rendered":"https:\/\/resetari.hr\/v2\/2019\/01\/14\/odrzana-godisnja-izvjestajna-skupstina-kulturno-umjetnickog-drustva-dreznik\/"},"modified":"2019-01-14T10:32:34","modified_gmt":"2019-01-14T10:32:34","slug":"odrzana-godisnja-izvjestajna-skupstina-kulturno-umjetnickog-drustva-dreznik","status":"publish","type":"post","link":"https:\/\/resetari.hr\/v2\/odrzana-godisnja-izvjestajna-skupstina-kulturno-umjetnickog-drustva-dreznik\/","title":{"rendered":"Odr\u017eana Godi\u0161nja izvje\u0161tajna skup\u0161tina Kulturno-umjetni\u010dkog dru\u0161tva Dre\u017enik"},"content":{"rendered":"<p style=\"text-align: justify;\"><img fetchpriority=\"high\" decoding=\"async\" class=\" alignleft size-full wp-image-3234\" style=\"margin: 5px; float: left;\" src=\"https:\/\/resetari.hr\/v2\/wp-content\/uploads\/2019\/01\/skupstina-kud-dreznik-2019.jpg\" alt=\"skupstina-kud-dreznik-2019\" width=\"400\" height=\"300\" srcset=\"https:\/\/resetari.hr\/v2\/wp-content\/uploads\/2019\/01\/skupstina-kud-dreznik-2019.jpg 1280w, https:\/\/resetari.hr\/v2\/wp-content\/uploads\/2019\/01\/skupstina-kud-dreznik-2019-300x225.jpg 300w, https:\/\/resetari.hr\/v2\/wp-content\/uploads\/2019\/01\/skupstina-kud-dreznik-2019-1024x768.jpg 1024w, https:\/\/resetari.hr\/v2\/wp-content\/uploads\/2019\/01\/skupstina-kud-dreznik-2019-768x576.jpg 768w\" sizes=\"(max-width: 400px) 100vw, 400px\" \/>U subotu 12. sije\u010dnja 2019. godine u mjesnom domu u Dre\u017eniku odr\u017eana je Godi\u0161nja izvje\u0161tajna skup\u0161tina KUD-a Dre\u017enik kojom je predsjedao predsjednik KUD-a Marijan Ru\u0161kan. Na skup\u0161tini uz \u010dlanove udruge bili su i predstavnici KUD-a Trenk iz Nove Gradi\u0161ke, KUD-a Berda iz Brestovca, KLD-a Re\u0161etari, NK Mladosti iz Br\u0111ana i na\u010delnik op\u0107ine Zlatko Aga.<\/p>\n<p>Predsjednik je u svojem izvje\u0161\u0107u naglasio da je dru\u0161tvo imalo u svim selekcijama preko 60 nastupa u zemlji i inozemstvu. Ovi rezultati ne bi se mogli ostvariti bez potpore samih \u010dlanova udruge, ali posebno bez Op\u0107ine Re\u0161etari.<\/p>\n<p><!--more--><\/p>\n<p style=\"text-align: justify;\">Uz velike tro\u0161kove odlaska na nastupe i nabavke opreme, poslovanje udruge KUD-a Dre\u017enik je pozitivno za 2018. godinu. Svi prisutni gosti na skup\u0161tini su pohvalili rad KUD-a i za\u017eeljeli u novoj 2019. godini daljnji uspjeh u radu i suradnji.<\/p>\n<p>Na\u010delnik op\u0107ine Zlatko Aga pohvalio je rad Dre\u017eljana i zahvalio na promicanju kulture, op\u0107ine, sela Dre\u017enik i na dobroj suradnju. Pozvao je na jo\u0161 ve\u0107i anga\u017eman i dovo\u0111enje novih \u010dlanova u udrugu kako bi bio olak\u0161an rad, te obe\u0107ao daljnju potporu u radu i suradnji op\u0107ine i KUD-a Dre\u017enik.<\/p>\n<p>Nakon rasprave po izvje\u0161\u0107u za 2018. godinu koji je prihva\u0107en od \u010dlanova skup\u0161tine, po raspravi prihva\u0107en je i plan rada i financijski plan za 2019. godinu.<\/p>\n<p>&nbsp;<\/p>\n<p><img decoding=\"async\" class=\" size-full wp-image-3235\" style=\"display: block; margin-left: auto; margin-right: auto;\" src=\"https:\/\/resetari.hr\/v2\/wp-content\/uploads\/2019\/01\/1-1.jpg\" alt=\"1-1\" width=\"800\" height=\"600\" srcset=\"https:\/\/resetari.hr\/v2\/wp-content\/uploads\/2019\/01\/1-1.jpg 1280w, https:\/\/resetari.hr\/v2\/wp-content\/uploads\/2019\/01\/1-1-300x225.jpg 300w, https:\/\/resetari.hr\/v2\/wp-content\/uploads\/2019\/01\/1-1-1024x768.jpg 1024w, https:\/\/resetari.hr\/v2\/wp-content\/uploads\/2019\/01\/1-1-768x576.jpg 768w\" sizes=\"(max-width: 800px) 100vw, 800px\" \/><\/p>\n<p><img decoding=\"async\" class=\" size-full wp-image-3236\" style=\"display: block; margin-left: auto; margin-right: auto;\" src=\"https:\/\/resetari.hr\/v2\/wp-content\/uploads\/2019\/01\/1-2.jpg\" alt=\"1-2\" width=\"800\" height=\"600\" srcset=\"https:\/\/resetari.hr\/v2\/wp-content\/uploads\/2019\/01\/1-2.jpg 1280w, https:\/\/resetari.hr\/v2\/wp-content\/uploads\/2019\/01\/1-2-300x225.jpg 300w, https:\/\/resetari.hr\/v2\/wp-content\/uploads\/2019\/01\/1-2-1024x768.jpg 1024w, https:\/\/resetari.hr\/v2\/wp-content\/uploads\/2019\/01\/1-2-768x576.jpg 768w\" sizes=\"(max-width: 800px) 100vw, 800px\" \/><\/p>\n<p><img loading=\"lazy\" decoding=\"async\" class=\" size-full wp-image-3237\" style=\"display: block; margin-left: auto; margin-right: auto;\" src=\"https:\/\/resetari.hr\/v2\/wp-content\/uploads\/2019\/01\/1-6.jpg\" alt=\"1-6\" width=\"800\" height=\"600\" srcset=\"https:\/\/resetari.hr\/v2\/wp-content\/uploads\/2019\/01\/1-6.jpg 1280w, https:\/\/resetari.hr\/v2\/wp-content\/uploads\/2019\/01\/1-6-300x225.jpg 300w, https:\/\/resetari.hr\/v2\/wp-content\/uploads\/2019\/01\/1-6-1024x768.jpg 1024w, https:\/\/resetari.hr\/v2\/wp-content\/uploads\/2019\/01\/1-6-768x576.jpg 768w\" sizes=\"(max-width: 800px) 100vw, 800px\" \/><\/p>\n<p><img loading=\"lazy\" decoding=\"async\" class=\" size-full wp-image-3238\" style=\"display: block; margin-left: auto; margin-right: auto;\" src=\"https:\/\/resetari.hr\/v2\/wp-content\/uploads\/2019\/01\/1-7.jpg\" alt=\"1-7\" width=\"800\" height=\"1067\" srcset=\"https:\/\/resetari.hr\/v2\/wp-content\/uploads\/2019\/01\/1-7.jpg 960w, https:\/\/resetari.hr\/v2\/wp-content\/uploads\/2019\/01\/1-7-225x300.jpg 225w, https:\/\/resetari.hr\/v2\/wp-content\/uploads\/2019\/01\/1-7-768x1024.jpg 768w\" sizes=\"(max-width: 800px) 100vw, 800px\" \/><\/p>\n<p><img loading=\"lazy\" decoding=\"async\" class=\" size-full wp-image-3239\" style=\"display: block; margin-left: auto; margin-right: auto;\" src=\"https:\/\/resetari.hr\/v2\/wp-content\/uploads\/2019\/01\/1-8.jpg\" alt=\"1-8\" width=\"800\" height=\"600\" srcset=\"https:\/\/resetari.hr\/v2\/wp-content\/uploads\/2019\/01\/1-8.jpg 1280w, https:\/\/resetari.hr\/v2\/wp-content\/uploads\/2019\/01\/1-8-300x225.jpg 300w, https:\/\/resetari.hr\/v2\/wp-content\/uploads\/2019\/01\/1-8-1024x768.jpg 1024w, https:\/\/resetari.hr\/v2\/wp-content\/uploads\/2019\/01\/1-8-768x576.jpg 768w\" sizes=\"(max-width: 800px) 100vw, 800px\" \/><\/p>\n<p><img loading=\"lazy\" decoding=\"async\" class=\" size-full wp-image-3240\" style=\"display: block; margin-left: auto; margin-right: auto;\" src=\"https:\/\/resetari.hr\/v2\/wp-content\/uploads\/2019\/01\/1-9.jpg\" alt=\"1-9\" width=\"800\" height=\"600\" srcset=\"https:\/\/resetari.hr\/v2\/wp-content\/uploads\/2019\/01\/1-9.jpg 1280w, https:\/\/resetari.hr\/v2\/wp-content\/uploads\/2019\/01\/1-9-300x225.jpg 300w, https:\/\/resetari.hr\/v2\/wp-content\/uploads\/2019\/01\/1-9-1024x768.jpg 1024w, https:\/\/resetari.hr\/v2\/wp-content\/uploads\/2019\/01\/1-9-768x576.jpg 768w\" sizes=\"(max-width: 800px) 100vw, 800px\" \/><\/p>\n<p style=\"text-align: center;\"><img loading=\"lazy\" decoding=\"async\" class=\" size-full wp-image-3241\" src=\"https:\/\/resetari.hr\/v2\/wp-content\/uploads\/2019\/01\/1-10.jpg\" alt=\"1-10\" width=\"800\" height=\"600\" srcset=\"https:\/\/resetari.hr\/v2\/wp-content\/uploads\/2019\/01\/1-10.jpg 1280w, https:\/\/resetari.hr\/v2\/wp-content\/uploads\/2019\/01\/1-10-300x225.jpg 300w, https:\/\/resetari.hr\/v2\/wp-content\/uploads\/2019\/01\/1-10-1024x768.jpg 1024w, https:\/\/resetari.hr\/v2\/wp-content\/uploads\/2019\/01\/1-10-768x576.jpg 768w\" sizes=\"(max-width: 800px) 100vw, 800px\" \/><\/p>\n<p style=\"text-align: center;\"><img loading=\"lazy\" decoding=\"async\" class=\" size-full wp-image-3242\" src=\"https:\/\/resetari.hr\/v2\/wp-content\/uploads\/2019\/01\/1-14.jpg\" alt=\"1-14\" width=\"800\" height=\"600\" srcset=\"https:\/\/resetari.hr\/v2\/wp-content\/uploads\/2019\/01\/1-14.jpg 1280w, https:\/\/resetari.hr\/v2\/wp-content\/uploads\/2019\/01\/1-14-300x225.jpg 300w, https:\/\/resetari.hr\/v2\/wp-content\/uploads\/2019\/01\/1-14-1024x768.jpg 1024w, https:\/\/resetari.hr\/v2\/wp-content\/uploads\/2019\/01\/1-14-768x576.jpg 768w\" sizes=\"(max-width: 800px) 100vw, 800px\" \/><\/p>\n<p style=\"text-align: center;\"><img loading=\"lazy\" decoding=\"async\" class=\" size-full wp-image-3243\" src=\"https:\/\/resetari.hr\/v2\/wp-content\/uploads\/2019\/01\/1-17.jpg\" alt=\"1-17\" width=\"800\" height=\"600\" srcset=\"https:\/\/resetari.hr\/v2\/wp-content\/uploads\/2019\/01\/1-17.jpg 1280w, https:\/\/resetari.hr\/v2\/wp-content\/uploads\/2019\/01\/1-17-300x225.jpg 300w, https:\/\/resetari.hr\/v2\/wp-content\/uploads\/2019\/01\/1-17-1024x768.jpg 1024w, https:\/\/resetari.hr\/v2\/wp-content\/uploads\/2019\/01\/1-17-768x576.jpg 768w\" sizes=\"(max-width: 800px) 100vw, 800px\" \/><\/p>\n<p style=\"text-align: center;\"><img loading=\"lazy\" decoding=\"async\" class=\" size-full wp-image-3244\" src=\"https:\/\/resetari.hr\/v2\/wp-content\/uploads\/2019\/01\/1-18.jpg\" alt=\"1-18\" width=\"800\" height=\"600\" srcset=\"https:\/\/resetari.hr\/v2\/wp-content\/uploads\/2019\/01\/1-18.jpg 1280w, https:\/\/resetari.hr\/v2\/wp-content\/uploads\/2019\/01\/1-18-300x225.jpg 300w, https:\/\/resetari.hr\/v2\/wp-content\/uploads\/2019\/01\/1-18-1024x768.jpg 1024w, https:\/\/resetari.hr\/v2\/wp-content\/uploads\/2019\/01\/1-18-768x576.jpg 768w\" sizes=\"(max-width: 800px) 100vw, 800px\" \/><\/p>\n<p style=\"text-align: center;\"><img loading=\"lazy\" decoding=\"async\" class=\" size-full wp-image-3240\" src=\"https:\/\/resetari.hr\/v2\/wp-content\/uploads\/2019\/01\/1-9.jpg\" alt=\"1-9\" width=\"800\" height=\"600\" srcset=\"https:\/\/resetari.hr\/v2\/wp-content\/uploads\/2019\/01\/1-9.jpg 1280w, https:\/\/resetari.hr\/v2\/wp-content\/uploads\/2019\/01\/1-9-300x225.jpg 300w, https:\/\/resetari.hr\/v2\/wp-content\/uploads\/2019\/01\/1-9-1024x768.jpg 1024w, https:\/\/resetari.hr\/v2\/wp-content\/uploads\/2019\/01\/1-9-768x576.jpg 768w\" sizes=\"(max-width: 800px) 100vw, 800px\" \/><\/p>\n","protected":false},"excerpt":{"rendered":"<p>U subotu 12. sije\u010dnja 2019. godine u mjesnom domu u Dre\u017eniku odr\u017eana je Godi\u0161nja izvje\u0161tajna skup\u0161tina KUD-a Dre\u017enik kojom je predsjedao predsjednik KUD-a Marijan Ru\u0161kan. Na skup\u0161tini uz \u010dlanove udruge bili su i predstavnici KUD-a Trenk iz Nove Gradi\u0161ke, KUD-a Berda iz Brestovca, KLD-a Re\u0161etari, NK Mladosti iz Br\u0111ana i na\u010delnik op\u0107ine Zlatko Aga. Predsjednik [&hellip;]<\/p>\n","protected":false},"author":1,"featured_media":3234,"comment_status":"open","ping_status":"open","sticky":false,"template":"","format":"standard","meta":{"footnotes":""},"categories":[2],"tags":[],"class_list":["post-3245","post","type-post","status-publish","format-standard","has-post-thumbnail","hentry","category-uncategorised"],"_links":{"self":[{"href":"https:\/\/resetari.hr\/v2\/wp-json\/wp\/v2\/posts\/3245","targetHints":{"allow":["GET"]}}],"collection":[{"href":"https:\/\/resetari.hr\/v2\/wp-json\/wp\/v2\/posts"}],"about":[{"href":"https:\/\/resetari.hr\/v2\/wp-json\/wp\/v2\/types\/post"}],"author":[{"embeddable":true,"href":"https:\/\/resetari.hr\/v2\/wp-json\/wp\/v2\/users\/1"}],"replies":[{"embeddable":true,"href":"https:\/\/resetari.hr\/v2\/wp-json\/wp\/v2\/comments?post=3245"}],"version-history":[{"count":0,"href":"https:\/\/resetari.hr\/v2\/wp-json\/wp\/v2\/posts\/3245\/revisions"}],"wp:featuredmedia":[{"embeddable":true,"href":"https:\/\/resetari.hr\/v2\/wp-json\/wp\/v2\/media\/3234"}],"wp:attachment":[{"href":"https:\/\/resetari.hr\/v2\/wp-json\/wp\/v2\/media?parent=3245"}],"wp:term":[{"taxonomy":"category","embeddable":true,"href":"https:\/\/resetari.hr\/v2\/wp-json\/wp\/v2\/categories?post=3245"},{"taxonomy":"post_tag","embeddable":true,"href":"https:\/\/resetari.hr\/v2\/wp-json\/wp\/v2\/tags?post=3245"}],"curies":[{"name":"wp","href":"https:\/\/api.w.org\/{rel}","templated":true}]}}