{"id":3107,"date":"2018-10-15T12:37:02","date_gmt":"2018-10-15T12:37:02","guid":{"rendered":"https:\/\/resetari.hr\/v2\/2018\/10\/15\/oglas-za-prijam-u-radni-odnos-na-odredeno-vrijeme-3\/"},"modified":"2018-10-15T12:37:02","modified_gmt":"2018-10-15T12:37:02","slug":"oglas-za-prijam-u-radni-odnos-na-odredeno-vrijeme-3","status":"publish","type":"post","link":"https:\/\/resetari.hr\/v2\/oglas-za-prijam-u-radni-odnos-na-odredeno-vrijeme-3\/","title":{"rendered":"Oglas za prijam u radni odnos na odre\u0111eno vrijeme"},"content":{"rendered":"<p style=\"text-align: justify;\"><img fetchpriority=\"high\" decoding=\"async\" class=\" alignleft size-full wp-image-1271\" style=\"margin: 5px; float: left;\" src=\"https:\/\/resetari.hr\/v2\/wp-content\/uploads\/2015\/11\/zgrada-opcine1.jpg\" alt=\"zgrada-opcine1\" width=\"400\" height=\"300\" srcset=\"https:\/\/resetari.hr\/v2\/wp-content\/uploads\/2015\/11\/zgrada-opcine1.jpg 640w, https:\/\/resetari.hr\/v2\/wp-content\/uploads\/2015\/11\/zgrada-opcine1-300x225.jpg 300w\" sizes=\"(max-width: 400px) 100vw, 400px\" \/>Na temelju \u010dlanka 29. Zakona o slu\u017ebenicima i namje\u0161tenicima u lokalnoj i podru\u010dnoj (regionalnoj) samoupravi (\u201eNarodne novine&#8221; broj 86\/08, 61\/11) na\u010delnik Op\u0107ine Re\u0161etari raspisuje <strong>Oglas za prijam u radni odnos na odre\u0111eno vrijeme <\/strong>U Jedinstveni upravni odjel Op\u0107ine Re\u0161etari na<\/p>\n<p style=\"text-align: justify;\">1. <strong>Radno mjesto \u2013 komunalni djelatnik<\/strong><br \/>\u2013 1 izvr\u0161itelja\/ce na odre\u0111eno vrijeme od \u0161est mjeseci uz obvezni probni rad od dva mjeseca (zbog poslova \u010diji se opseg privremeno pove\u0107ao) s mogu\u0107no\u0161\u0107u produ\u017eenja.<\/p>\n<p>2. Op\u0107i uvjeti za prijam: hrvatsko dr\u017eavljanstvo, punoljetnost i zdravstvena sposobnost za obavljanje poslova radnog mjesta na koje se osoba prima.<\/p>\n<p>3. Posebni uvjeti:<br \/>&#8211; ni\u017ea stru\u010dna sprema, KV zidar , SSS<br \/>&#8211; najmanje 1 godina radnog iskustva na istim ili sli\u010dnim poslovima<\/p>\n<p><a href=\"https:\/\/resetari.hr\/v2\/wp-content\/uploads\/2018\/10\/oglas-komunalni-djelatnik-10-2018.pdf\" target=\"_blank\" rel=\"noopener\">OP\u0160IRNIJE \/ OGLAS<\/a><\/p>\n","protected":false},"excerpt":{"rendered":"<p>Na temelju \u010dlanka 29. Zakona o slu\u017ebenicima i namje\u0161tenicima u lokalnoj i podru\u010dnoj (regionalnoj) samoupravi (\u201eNarodne novine&#8221; broj 86\/08, 61\/11) na\u010delnik Op\u0107ine Re\u0161etari raspisuje Oglas za prijam u radni odnos na odre\u0111eno vrijeme U Jedinstveni upravni odjel Op\u0107ine Re\u0161etari na 1. Radno mjesto \u2013 komunalni djelatnik\u2013 1 izvr\u0161itelja\/ce na odre\u0111eno vrijeme od \u0161est mjeseci uz [&hellip;]<\/p>\n","protected":false},"author":1,"featured_media":1271,"comment_status":"open","ping_status":"open","sticky":false,"template":"","format":"standard","meta":{"footnotes":""},"categories":[2],"tags":[],"class_list":["post-3107","post","type-post","status-publish","format-standard","has-post-thumbnail","hentry","category-uncategorised"],"_links":{"self":[{"href":"https:\/\/resetari.hr\/v2\/wp-json\/wp\/v2\/posts\/3107","targetHints":{"allow":["GET"]}}],"collection":[{"href":"https:\/\/resetari.hr\/v2\/wp-json\/wp\/v2\/posts"}],"about":[{"href":"https:\/\/resetari.hr\/v2\/wp-json\/wp\/v2\/types\/post"}],"author":[{"embeddable":true,"href":"https:\/\/resetari.hr\/v2\/wp-json\/wp\/v2\/users\/1"}],"replies":[{"embeddable":true,"href":"https:\/\/resetari.hr\/v2\/wp-json\/wp\/v2\/comments?post=3107"}],"version-history":[{"count":0,"href":"https:\/\/resetari.hr\/v2\/wp-json\/wp\/v2\/posts\/3107\/revisions"}],"wp:featuredmedia":[{"embeddable":true,"href":"https:\/\/resetari.hr\/v2\/wp-json\/wp\/v2\/media\/1271"}],"wp:attachment":[{"href":"https:\/\/resetari.hr\/v2\/wp-json\/wp\/v2\/media?parent=3107"}],"wp:term":[{"taxonomy":"category","embeddable":true,"href":"https:\/\/resetari.hr\/v2\/wp-json\/wp\/v2\/categories?post=3107"},{"taxonomy":"post_tag","embeddable":true,"href":"https:\/\/resetari.hr\/v2\/wp-json\/wp\/v2\/tags?post=3107"}],"curies":[{"name":"wp","href":"https:\/\/api.w.org\/{rel}","templated":true}]}}