{"id":3099,"date":"2018-09-28T12:45:07","date_gmt":"2018-09-28T12:45:07","guid":{"rendered":"https:\/\/resetari.hr\/v2\/2018\/09\/28\/obilazak-radova-na-energetskoj-obnovi-skole-u-resetarima-zupana-danijela-marusica\/"},"modified":"2018-09-28T12:45:07","modified_gmt":"2018-09-28T12:45:07","slug":"obilazak-radova-na-energetskoj-obnovi-skole-u-resetarima-zupana-danijela-marusica","status":"publish","type":"post","link":"https:\/\/resetari.hr\/v2\/obilazak-radova-na-energetskoj-obnovi-skole-u-resetarima-zupana-danijela-marusica\/","title":{"rendered":"Obilazak radova na energetskoj obnovi \u0161kole u Re\u0161etarima  \u017eupana Danijela Maru\u0161i\u0107a"},"content":{"rendered":"<p style=\"text-align: justify;\"><img fetchpriority=\"high\" decoding=\"async\" class=\" alignleft size-full wp-image-3098\" style=\"margin: 5px; float: left;\" src=\"https:\/\/resetari.hr\/v2\/wp-content\/uploads\/2018\/09\/obilazak-radova-skola.jpg\" alt=\"obilazak-radova-skola\" width=\"400\" height=\"300\" srcset=\"https:\/\/resetari.hr\/v2\/wp-content\/uploads\/2018\/09\/obilazak-radova-skola.jpg 1280w, https:\/\/resetari.hr\/v2\/wp-content\/uploads\/2018\/09\/obilazak-radova-skola-300x225.jpg 300w, https:\/\/resetari.hr\/v2\/wp-content\/uploads\/2018\/09\/obilazak-radova-skola-1024x768.jpg 1024w, https:\/\/resetari.hr\/v2\/wp-content\/uploads\/2018\/09\/obilazak-radova-skola-768x576.jpg 768w\" sizes=\"(max-width: 400px) 100vw, 400px\" \/>U \u010detvrtak 27. rujna 2018. godine \u017eupan Danijel Maru\u0161i\u0107, v.d. pro\u010delnice Upravnog odijela za obrazovanje, \u0161port i kulturu Anica Vuka\u0161inovi\u0107, na\u010delnik Op\u0107ine Re\u0161etari Zlatko Aga i ravnatelj Osnovne \u0161kole Tihomir Batalo, te nadzor nad radovima energetske obnove \u0161kole i predstavnici projektanata dogradnje \u0161kole obi\u0161li su zavr\u0161ne radove na energetskoj obnovi Osnovne \u0161kole Ante Star\u010devi\u0107a u Re\u0161etarima.<\/p>\n<p>Prije tri mjeseca izvo\u0111a\u010d radova uveden je u poslove energetske obnove, odra\u0111eni su i privedeni zavr\u0161etku radovi planirane energetske obnove cjelokupne ovojnice zgrade, zamjena rasvjete u u\u010dionicama energetski u\u010dinkovitijom, obnova kotlovnice i grija\u0107ih tijela i izmjena dijela stolarije i novog krovi\u0161ta na \u0161kolsko-sportskoj dvorani.<\/p>\n<p>Nositelj projekta energetske obnove je Brodsko-posavska \u017eupanija uz partnere Osnovnu \u0161kolu Re\u0161etari i Op\u0107inu Re\u0161etari. Obnova i novi izgled \u0161kole u dijelu su sufinancirani od Europske unije iz Europskog fonda za regionalni razvoj u sklopu Operativnog programa \u201eKonkurentnost i kohezija 2014-2020&#8243; i dijelom iz Ministarstva regionalnog razvoja i fondova EU, \u017dupanije i Op\u0107ine. Radovi su u zavr\u0161noj fazi.<\/p>\n<p><!--more--><\/p>\n<p style=\"text-align: justify;\">Cilj energetskih obnova je osigurati bolje uvijete rada u \u0161kolama, ali i ostvariti zna\u010dajne financijske u\u0161tede pove\u0107anjem energetske u\u010dinkovitosti uz smanjenje potro\u0161nje energije i emisije CO2 . U \u0161koli je planirana u\u0161teda energije za grijanje do 70%.<\/p>\n<p>Daljnji razgovori na radnom sastanku vo\u0111eni su po pitanju planirane dogradnje Osnovne \u0161kole za jedno smjensku nastavu i obnovu unutarnjeg dijela \u0161kole. Dogovoreni su i planovi ure\u0111enja parketa u sportskoj dvorani i izgradnje ograde oko \u0161kole zbog \u0161tetnog djelovanja i uni\u0161tenja dru\u0161tvene imovine.<\/p>\n<p style=\"text-align: justify;\">&nbsp;<\/p>\n<p>&nbsp;<\/p>\n<p><a data-flickr-embed=\"true\" href=\"https:\/\/www.flickr.com\/photos\/127114293@N08\/albums\/72157695978345690\" title=\"Obilazak radova na energetskoj obnovi \u0161kole u Re\u0161etarima  \u017eupana Danijela Maru\u0161i\u0107a\" target=\"_blank\" rel=\"noopener\"><img decoding=\"async\" src=\"https:\/\/farm2.staticflickr.com\/1940\/44918974722_2d913d8a0d_o.jpg\" width=\"960\" height=\"1280\" alt=\"Obilazak radova na energetskoj obnovi \u0161kole u Re\u0161etarima  \u017eupana Danijela Maru\u0161i\u0107a\"><\/a><script async src=\"\/\/embedr.flickr.com\/assets\/client-code.js\" charset=\"utf-8\"><\/script><\/p>\n","protected":false},"excerpt":{"rendered":"<p>U \u010detvrtak 27. rujna 2018. godine \u017eupan Danijel Maru\u0161i\u0107, v.d. pro\u010delnice Upravnog odijela za obrazovanje, \u0161port i kulturu Anica Vuka\u0161inovi\u0107, na\u010delnik Op\u0107ine Re\u0161etari Zlatko Aga i ravnatelj Osnovne \u0161kole Tihomir Batalo, te nadzor nad radovima energetske obnove \u0161kole i predstavnici projektanata dogradnje \u0161kole obi\u0161li su zavr\u0161ne radove na energetskoj obnovi Osnovne \u0161kole Ante Star\u010devi\u0107a u [&hellip;]<\/p>\n","protected":false},"author":1,"featured_media":3098,"comment_status":"open","ping_status":"open","sticky":false,"template":"","format":"standard","meta":{"footnotes":""},"categories":[2],"tags":[],"class_list":["post-3099","post","type-post","status-publish","format-standard","has-post-thumbnail","hentry","category-uncategorised"],"_links":{"self":[{"href":"https:\/\/resetari.hr\/v2\/wp-json\/wp\/v2\/posts\/3099","targetHints":{"allow":["GET"]}}],"collection":[{"href":"https:\/\/resetari.hr\/v2\/wp-json\/wp\/v2\/posts"}],"about":[{"href":"https:\/\/resetari.hr\/v2\/wp-json\/wp\/v2\/types\/post"}],"author":[{"embeddable":true,"href":"https:\/\/resetari.hr\/v2\/wp-json\/wp\/v2\/users\/1"}],"replies":[{"embeddable":true,"href":"https:\/\/resetari.hr\/v2\/wp-json\/wp\/v2\/comments?post=3099"}],"version-history":[{"count":0,"href":"https:\/\/resetari.hr\/v2\/wp-json\/wp\/v2\/posts\/3099\/revisions"}],"wp:featuredmedia":[{"embeddable":true,"href":"https:\/\/resetari.hr\/v2\/wp-json\/wp\/v2\/media\/3098"}],"wp:attachment":[{"href":"https:\/\/resetari.hr\/v2\/wp-json\/wp\/v2\/media?parent=3099"}],"wp:term":[{"taxonomy":"category","embeddable":true,"href":"https:\/\/resetari.hr\/v2\/wp-json\/wp\/v2\/categories?post=3099"},{"taxonomy":"post_tag","embeddable":true,"href":"https:\/\/resetari.hr\/v2\/wp-json\/wp\/v2\/tags?post=3099"}],"curies":[{"name":"wp","href":"https:\/\/api.w.org\/{rel}","templated":true}]}}