{"id":2910,"date":"2018-05-21T12:39:18","date_gmt":"2018-05-21T12:39:18","guid":{"rendered":"https:\/\/resetari.hr\/v2\/2018\/05\/21\/obavijest-o-upisu-djece-u-djecji-vrtic-carobni-svijet-u-resetarima-3\/"},"modified":"2018-05-21T12:39:18","modified_gmt":"2018-05-21T12:39:18","slug":"obavijest-o-upisu-djece-u-djecji-vrtic-carobni-svijet-u-resetarima-3","status":"publish","type":"post","link":"https:\/\/resetari.hr\/v2\/obavijest-o-upisu-djece-u-djecji-vrtic-carobni-svijet-u-resetarima-3\/","title":{"rendered":"Obavijest o upisu djece u Dje\u010dji vrti\u0107 \u010carobni svijet u Re\u0161etarima"},"content":{"rendered":"<p style=\"text-align: justify;\"><img fetchpriority=\"high\" decoding=\"async\" class=\" alignleft size-full wp-image-1821\" style=\"margin: 5px; float: left;\" src=\"https:\/\/resetari.hr\/v2\/wp-content\/uploads\/2016\/08\/vrtic-resetari.jpg\" alt=\"vrtic-resetari\" width=\"400\" height=\"231\" srcset=\"https:\/\/resetari.hr\/v2\/wp-content\/uploads\/2016\/08\/vrtic-resetari.jpg 501w, https:\/\/resetari.hr\/v2\/wp-content\/uploads\/2016\/08\/vrtic-resetari-300x173.jpg 300w\" sizes=\"(max-width: 400px) 100vw, 400px\" \/>Upravno vije\u0107e Dje\u010djeg vrti\u0107a \u010carobni svijet u Re\u0161etarima raspisalo je natje\u010daj za upis djece u redovni program i program pred\u0161kole za pedago\u0161ku godinu 2018.\/2019.<\/p>\n<p>Upute o na\u010dinu prijave i potrebnoj dokumentaciji mogu se prona\u0107i na web stranici Op\u0107ine Re\u0161etari ili se javiti osobno u Dje\u010dji vrti\u0107 \u010carobni svijet u Re\u0161etarima, Matije Gupca 29, Re\u0161etari ( telefon: 367-231).<\/p>\n<p>Upisi traju od 21. svibnja do 21. lipnja 2018. godine.<\/p>\n<p style=\"text-align: justify;\"><a href=\"https:\/\/resetari.hr\/v2\/wp-content\/uploads\/2018\/05\/natjecaj-djecji-vrtic-2018-2019.docx\"><img decoding=\"async\" class=\" alignleft size-full wp-image-201\" style=\"float: left;\" src=\"https:\/\/resetari.hr\/v2\/wp-content\/uploads\/2014\/01\/word.png\" alt=\"word\" width=\"32\" height=\"32\" \/>NATJE\u010cAJ<\/a><\/p>\n<p style=\"text-align: justify;\"><a href=\"https:\/\/resetari.hr\/v2\/wp-content\/uploads\/2018\/05\/zahtjev-djecji-vrtic-2018-2019.docx\"><img decoding=\"async\" class=\" alignleft size-full wp-image-201\" style=\"float: left;\" src=\"https:\/\/resetari.hr\/v2\/wp-content\/uploads\/2014\/01\/word.png\" alt=\"word\" width=\"32\" height=\"32\" \/>ZAHTJEV<\/a><\/p>\n","protected":false},"excerpt":{"rendered":"<p>Upravno vije\u0107e Dje\u010djeg vrti\u0107a \u010carobni svijet u Re\u0161etarima raspisalo je natje\u010daj za upis djece u redovni program i program pred\u0161kole za pedago\u0161ku godinu 2018.\/2019. Upute o na\u010dinu prijave i potrebnoj dokumentaciji mogu se prona\u0107i na web stranici Op\u0107ine Re\u0161etari ili se javiti osobno u Dje\u010dji vrti\u0107 \u010carobni svijet u Re\u0161etarima, Matije Gupca 29, Re\u0161etari ( [&hellip;]<\/p>\n","protected":false},"author":1,"featured_media":1821,"comment_status":"open","ping_status":"open","sticky":false,"template":"","format":"standard","meta":{"footnotes":""},"categories":[2],"tags":[],"class_list":["post-2910","post","type-post","status-publish","format-standard","has-post-thumbnail","hentry","category-uncategorised"],"_links":{"self":[{"href":"https:\/\/resetari.hr\/v2\/wp-json\/wp\/v2\/posts\/2910","targetHints":{"allow":["GET"]}}],"collection":[{"href":"https:\/\/resetari.hr\/v2\/wp-json\/wp\/v2\/posts"}],"about":[{"href":"https:\/\/resetari.hr\/v2\/wp-json\/wp\/v2\/types\/post"}],"author":[{"embeddable":true,"href":"https:\/\/resetari.hr\/v2\/wp-json\/wp\/v2\/users\/1"}],"replies":[{"embeddable":true,"href":"https:\/\/resetari.hr\/v2\/wp-json\/wp\/v2\/comments?post=2910"}],"version-history":[{"count":0,"href":"https:\/\/resetari.hr\/v2\/wp-json\/wp\/v2\/posts\/2910\/revisions"}],"wp:featuredmedia":[{"embeddable":true,"href":"https:\/\/resetari.hr\/v2\/wp-json\/wp\/v2\/media\/1821"}],"wp:attachment":[{"href":"https:\/\/resetari.hr\/v2\/wp-json\/wp\/v2\/media?parent=2910"}],"wp:term":[{"taxonomy":"category","embeddable":true,"href":"https:\/\/resetari.hr\/v2\/wp-json\/wp\/v2\/categories?post=2910"},{"taxonomy":"post_tag","embeddable":true,"href":"https:\/\/resetari.hr\/v2\/wp-json\/wp\/v2\/tags?post=2910"}],"curies":[{"name":"wp","href":"https:\/\/api.w.org\/{rel}","templated":true}]}}